{"id":1,"date":"2025-07-09T22:44:32","date_gmt":"2025-07-10T01:44:32","guid":{"rendered":"http:\/\/cafecommessias.com.br\/?p=1"},"modified":"2025-07-25T16:18:19","modified_gmt":"2025-07-25T19:18:19","slug":"ola-mundo","status":"publish","type":"post","link":"https:\/\/cafecommessias.com.br\/?p=1","title":{"rendered":"Potengi e Trair\u00ed s\u00e3o as pr\u00f3ximas regi\u00f5es a receber o Projeto Rota 22"},"content":{"rendered":"\n<p>A car\u00eancia de pol\u00edticas p\u00fablicas e a urg\u00eancia por solu\u00e7\u00f5es concretas para os munic\u00edpios das regi\u00f5es Potengi e Trair\u00ed estar\u00e3o em pauta nas oficinas do Rota 22, que acontecem nos dias 30 de junho, em S\u00e3o Paulo do Potengi,&nbsp; e no dia 1\u00ba de julho, em Tangar\u00e1, com a presen\u00e7a de lideran\u00e7as pol\u00edticas, especialistas e representantes da sociedade civil.&nbsp;<\/p>\n\n\n\n<p>&#8220;A proposta \u00e9 reunir sugest\u00f5es, ouvir demandas e construir, junto com a popula\u00e7\u00e3o, um diagn\u00f3stico real das principais necessidades da regi\u00e3o. A participa\u00e7\u00e3o popular \u00e9 fundamental para encontrarmos caminhos reais para os problemas da sa\u00fade, seguran\u00e7a, infraestrutura e gera\u00e7\u00e3o de emprego&#8221;, afirma o senador Rog\u00e9rio Marinho, secret\u00e1rio-geral do PL e pr\u00e9-candidato a governador do RN.<\/p>\n\n\n\n<p>Em parceria com o Instituto \u00c1lvaro Valle e sob a lideran\u00e7a do ex-presidente Jair Bolsonaro e do senador Rog\u00e9rio Marinho, o Rota 22 promove oficinas e semin\u00e1rios com o objetivo de identificar demandas locais e fortalecer o compromisso do partido com a melhoria da qualidade de vida da popula\u00e7\u00e3o.<\/p>\n\n\n\n<p>Fique conectado com o Rota 22 \u2014 acesse o site plrota22.com.br e confira quando o projeto passar\u00e1 por sua regi\u00e3o. Mais informa\u00e7\u00f5es tamb\u00e9m est\u00e3o dispon\u00edveis nas redes sociais, pelos perfis @pl22rn e @plnacional22, e no canal de WhatsApp do Rota 22 no Rio Grande do Norte: canal.plrota22.com.br.<\/p>\n\n\n\n<p>Ainda no m\u00eas de julho, ser\u00e3o realizadas as oficinas na regi\u00e3o Agreste no dia 22, em Passa e Fica, e no dia 23, em Goianinha. No dia 2 de agosto haver\u00e1 o grande Semin\u00e1rio, em Santo Ant\u00f4nio, reunindo lideran\u00e7as do Agreste, Trair\u00ed e Potengi.<\/p>\n\n\n\n<p>Na agenda do Projeto Rota 22, ainda tem oficina em Parnamirim, no dia 6 de agosto, em Extremoz, no dia 7 de agosto, e Semin\u00e1rio da Regi\u00e3o Metropolitana, em Natal, no dia 16 de agosto.<\/p>\n\n\n\n<p><sub>por PL Rota 22<\/sub><\/p>\n\n\n\n<p class=\"has-text-align-center\"><strong><em>PUBLICIDADE<\/em><\/strong><\/p>\n\n\n\n<figure class=\"wp-block-image size-large\"><a href=\"https:\/\/www.natal.rn.gov.br\/\"><img loading=\"lazy\" decoding=\"async\" width=\"1024\" height=\"158\" src=\"http:\/\/cafecommessias.com.br\/wp-content\/uploads\/2025\/07\/Lixo-nas-Ruas_1300x200-5-1024x158.png\" alt=\"\" class=\"wp-image-231\" srcset=\"https:\/\/cafecommessias.com.br\/wp-content\/uploads\/2025\/07\/Lixo-nas-Ruas_1300x200-5-1024x158.png 1024w, https:\/\/cafecommessias.com.br\/wp-content\/uploads\/2025\/07\/Lixo-nas-Ruas_1300x200-5-300x46.png 300w, https:\/\/cafecommessias.com.br\/wp-content\/uploads\/2025\/07\/Lixo-nas-Ruas_1300x200-5-768x118.png 768w, https:\/\/cafecommessias.com.br\/wp-content\/uploads\/2025\/07\/Lixo-nas-Ruas_1300x200-5.png 1300w\" sizes=\"auto, (max-width: 1024px) 100vw, 1024px\" \/><\/a><\/figure>\n\n\n\n<p><\/p>\n","protected":false},"excerpt":{"rendered":"<p>A car\u00eancia de pol\u00edticas p\u00fablicas e a urg\u00eancia por solu\u00e7\u00f5es concretas para os munic\u00edpios das regi\u00f5es Potengi e Trair\u00ed estar\u00e3o em pauta nas oficinas do Rota 22, que acontecem nos dias 30 de junho, em S\u00e3o Paulo do Potengi,&nbsp; e no dia 1\u00ba de julho, em Tangar\u00e1, com a presen\u00e7a de lideran\u00e7as pol\u00edticas, especialistas e&#8230;<\/p>\n","protected":false},"author":1,"featured_media":1540,"comment_status":"closed","ping_status":"closed","sticky":false,"template":"","format":"standard","meta":{"footnotes":""},"categories":[4,6],"tags":[],"class_list":["post-1","post","type-post","status-publish","format-standard","has-post-thumbnail","hentry","category-anuncie-aqui","category-politica"],"_links":{"self":[{"href":"https:\/\/cafecommessias.com.br\/index.php?rest_route=\/wp\/v2\/posts\/1","targetHints":{"allow":["GET"]}}],"collection":[{"href":"https:\/\/cafecommessias.com.br\/index.php?rest_route=\/wp\/v2\/posts"}],"about":[{"href":"https:\/\/cafecommessias.com.br\/index.php?rest_route=\/wp\/v2\/types\/post"}],"author":[{"embeddable":true,"href":"https:\/\/cafecommessias.com.br\/index.php?rest_route=\/wp\/v2\/users\/1"}],"replies":[{"embeddable":true,"href":"https:\/\/cafecommessias.com.br\/index.php?rest_route=%2Fwp%2Fv2%2Fcomments&post=1"}],"version-history":[{"count":6,"href":"https:\/\/cafecommessias.com.br\/index.php?rest_route=\/wp\/v2\/posts\/1\/revisions"}],"predecessor-version":[{"id":1542,"href":"https:\/\/cafecommessias.com.br\/index.php?rest_route=\/wp\/v2\/posts\/1\/revisions\/1542"}],"wp:featuredmedia":[{"embeddable":true,"href":"https:\/\/cafecommessias.com.br\/index.php?rest_route=\/wp\/v2\/media\/1540"}],"wp:attachment":[{"href":"https:\/\/cafecommessias.com.br\/index.php?rest_route=%2Fwp%2Fv2%2Fmedia&parent=1"}],"wp:term":[{"taxonomy":"category","embeddable":true,"href":"https:\/\/cafecommessias.com.br\/index.php?rest_route=%2Fwp%2Fv2%2Fcategories&post=1"},{"taxonomy":"post_tag","embeddable":true,"href":"https:\/\/cafecommessias.com.br\/index.php?rest_route=%2Fwp%2Fv2%2Ftags&post=1"}],"curies":[{"name":"wp","href":"https:\/\/api.w.org\/{rel}","templated":true}]}}