{"id":10014,"date":"2026-03-04T22:43:03","date_gmt":"2026-03-05T01:43:03","guid":{"rendered":"https:\/\/cafecommessias.com.br\/?p=10014"},"modified":"2026-03-04T22:45:00","modified_gmt":"2026-03-05T01:45:00","slug":"espiao-de-vorcaro-sicario-tem-morte-encefalica-sob-custodia-da-policia-federal-em-bh","status":"publish","type":"post","link":"https:\/\/cafecommessias.com.br\/?p=10014","title":{"rendered":"Espi\u00e3o de Vorcaro, \u201cSic\u00e1rio\u201d tem morte encef\u00e1lica sob cust\u00f3dia da Pol\u00edcia Federal em BH"},"content":{"rendered":"\n<p>Morreu na noite desta quarta-feira (4), em Belo Horizonte, Luiz Phillipi Machado de Moraes Mour\u00e3o, conhecido como \u201cSic\u00e1rio\u201d, um dos presos da Opera\u00e7\u00e3o Compliance Zero. Ele estava sob cust\u00f3dia na Superintend\u00eancia Regional da Pol\u00edcia Federal em Minas Gerais.<\/p>\n\n\n\n<p>De acordo com informa\u00e7\u00f5es da pr\u00f3pria PF, o detido atentou contra a pr\u00f3pria vida enquanto estava na unidade. Policiais federais que estavam no local realizaram procedimentos de reanima\u00e7\u00e3o, e ele foi levado pelo Samu ao Hospital Jo\u00e3o XXIII, no centro da capital mineira.<\/p>\n\n\n\n<p>Fontes da Pol\u00edcia Federal confirmaram que ele teve morte encef\u00e1lica. O caso foi comunicado ao gabinete do ministro Andr\u00e9 Mendon\u00e7a, relator no Supremo Tribunal Federal.<\/p>\n\n\n\n<p>A corpora\u00e7\u00e3o informou que entregar\u00e1 todos os registros em v\u00eddeo que mostram a din\u00e2mica do ocorrido e que ser\u00e1 instaurado procedimento apurat\u00f3rio para esclarecer as circunst\u00e2ncias do fato.<\/p>\n","protected":false},"excerpt":{"rendered":"<p>Morreu na noite desta quarta-feira (4), em Belo Horizonte, Luiz Phillipi Machado de Moraes Mour\u00e3o, conhecido como \u201cSic\u00e1rio\u201d, um dos presos da Opera\u00e7\u00e3o Compliance Zero. Ele estava sob cust\u00f3dia na Superintend\u00eancia Regional da Pol\u00edcia Federal em Minas Gerais. De acordo com informa\u00e7\u00f5es da pr\u00f3pria PF, o detido atentou contra a pr\u00f3pria vida enquanto estava na&#8230;<\/p>\n","protected":false},"author":1,"featured_media":10015,"comment_status":"open","ping_status":"closed","sticky":false,"template":"","format":"standard","meta":{"footnotes":""},"categories":[3],"tags":[],"class_list":["post-10014","post","type-post","status-publish","format-standard","has-post-thumbnail","hentry","category-geral"],"_links":{"self":[{"href":"https:\/\/cafecommessias.com.br\/index.php?rest_route=\/wp\/v2\/posts\/10014","targetHints":{"allow":["GET"]}}],"collection":[{"href":"https:\/\/cafecommessias.com.br\/index.php?rest_route=\/wp\/v2\/posts"}],"about":[{"href":"https:\/\/cafecommessias.com.br\/index.php?rest_route=\/wp\/v2\/types\/post"}],"author":[{"embeddable":true,"href":"https:\/\/cafecommessias.com.br\/index.php?rest_route=\/wp\/v2\/users\/1"}],"replies":[{"embeddable":true,"href":"https:\/\/cafecommessias.com.br\/index.php?rest_route=%2Fwp%2Fv2%2Fcomments&post=10014"}],"version-history":[{"count":1,"href":"https:\/\/cafecommessias.com.br\/index.php?rest_route=\/wp\/v2\/posts\/10014\/revisions"}],"predecessor-version":[{"id":10016,"href":"https:\/\/cafecommessias.com.br\/index.php?rest_route=\/wp\/v2\/posts\/10014\/revisions\/10016"}],"wp:featuredmedia":[{"embeddable":true,"href":"https:\/\/cafecommessias.com.br\/index.php?rest_route=\/wp\/v2\/media\/10015"}],"wp:attachment":[{"href":"https:\/\/cafecommessias.com.br\/index.php?rest_route=%2Fwp%2Fv2%2Fmedia&parent=10014"}],"wp:term":[{"taxonomy":"category","embeddable":true,"href":"https:\/\/cafecommessias.com.br\/index.php?rest_route=%2Fwp%2Fv2%2Fcategories&post=10014"},{"taxonomy":"post_tag","embeddable":true,"href":"https:\/\/cafecommessias.com.br\/index.php?rest_route=%2Fwp%2Fv2%2Ftags&post=10014"}],"curies":[{"name":"wp","href":"https:\/\/api.w.org\/{rel}","templated":true}]}}