{"id":10023,"date":"2026-03-05T21:48:26","date_gmt":"2026-03-06T00:48:26","guid":{"rendered":"https:\/\/cafecommessias.com.br\/?p=10023"},"modified":"2026-03-05T21:48:38","modified_gmt":"2026-03-06T00:48:38","slug":"primeira-turma-do-stf-segue-moraes-e-barra-prisao-domiciliar-de-bolsonaro","status":"publish","type":"post","link":"https:\/\/cafecommessias.com.br\/?p=10023","title":{"rendered":"Primeira Turma do STF segue Moraes e barra pris\u00e3o domiciliar de Bolsonaro"},"content":{"rendered":"\n<p>A Primeira Turma do STF decidiu nesta quinta-feira (5) manter o ex-presidente&nbsp;Jair Bolsonaro&nbsp;(PL) no pres\u00eddio da Papudinha, em Bras\u00edlia. Os ministros&nbsp;Fl\u00e1vio Dino,&nbsp;C\u00e1rmen L\u00facia&nbsp;e&nbsp;Cristiano Zanin&nbsp;acompanharam o relator&nbsp;Alexandre de Moraes&nbsp;e negaram o pedido da defesa para transferir o ex-presidente para pris\u00e3o domiciliar humanit\u00e1ria.<\/p>\n\n\n\n<p>Os votos foram registrados no plen\u00e1rio virtual e formaram unanimidade entre os quatro ministros que participam do julgamento.<\/p>\n\n\n\n<p>O colegiado analisou a decis\u00e3o de Moraes que havia rejeitado um novo pedido da defesa para que Bolsonaro cumprisse a pena em casa. O ex-presidente cumpre pena de 27 anos e 3 meses por tentativa de golpe de Estado e est\u00e1 detido no pres\u00eddio localizado no complexo penitenci\u00e1rio da Papudinha.<\/p>\n\n\n\n<p>Na&nbsp;<a href=\"https:\/\/www.blogdobg.com.br\/moraes-volta-a-negar-prisao-domiciliar-humanitaria-para-jair-bolsonaro\/\">decis\u00e3o assinada na segunda-feira (2)<\/a>, Moraes afirmou que n\u00e3o existem \u201crequisitos excepcionais para a concess\u00e3o de pris\u00e3o domiciliar humanit\u00e1ria\u201d. Segundo o ministro, a unidade prisional oferece atendimento m\u00e9dico cont\u00ednuo, sess\u00f5es de fisioterapia, atividades f\u00edsicas, assist\u00eancia religiosa e permite visitas frequentes de familiares, amigos e aliados pol\u00edticos.<\/p>\n\n\n\n<p>A defesa de Bolsonaro alegou \u201cexist\u00eancia de risco de vida e incompatibilidade entre o ambiente carcer\u00e1rio e o rigor das terapias cont\u00ednuas exigidas\u201d. O relator, por\u00e9m, rejeitou os argumentos e votou para manter o ex-presidente no pres\u00eddio, posi\u00e7\u00e3o agora confirmada pela Primeira Turma do STF.<\/p>\n","protected":false},"excerpt":{"rendered":"<p>A Primeira Turma do STF decidiu nesta quinta-feira (5) manter o ex-presidente&nbsp;Jair Bolsonaro&nbsp;(PL) no pres\u00eddio da Papudinha, em Bras\u00edlia. Os ministros&nbsp;Fl\u00e1vio Dino,&nbsp;C\u00e1rmen L\u00facia&nbsp;e&nbsp;Cristiano Zanin&nbsp;acompanharam o relator&nbsp;Alexandre de Moraes&nbsp;e negaram o pedido da defesa para transferir o ex-presidente para pris\u00e3o domiciliar humanit\u00e1ria. Os votos foram registrados no plen\u00e1rio virtual e formaram unanimidade entre os quatro ministros&#8230;<\/p>\n","protected":false},"author":1,"featured_media":10024,"comment_status":"open","ping_status":"closed","sticky":false,"template":"","format":"standard","meta":{"footnotes":""},"categories":[31],"tags":[],"class_list":["post-10023","post","type-post","status-publish","format-standard","has-post-thumbnail","hentry","category-golpe"],"_links":{"self":[{"href":"https:\/\/cafecommessias.com.br\/index.php?rest_route=\/wp\/v2\/posts\/10023","targetHints":{"allow":["GET"]}}],"collection":[{"href":"https:\/\/cafecommessias.com.br\/index.php?rest_route=\/wp\/v2\/posts"}],"about":[{"href":"https:\/\/cafecommessias.com.br\/index.php?rest_route=\/wp\/v2\/types\/post"}],"author":[{"embeddable":true,"href":"https:\/\/cafecommessias.com.br\/index.php?rest_route=\/wp\/v2\/users\/1"}],"replies":[{"embeddable":true,"href":"https:\/\/cafecommessias.com.br\/index.php?rest_route=%2Fwp%2Fv2%2Fcomments&post=10023"}],"version-history":[{"count":1,"href":"https:\/\/cafecommessias.com.br\/index.php?rest_route=\/wp\/v2\/posts\/10023\/revisions"}],"predecessor-version":[{"id":10025,"href":"https:\/\/cafecommessias.com.br\/index.php?rest_route=\/wp\/v2\/posts\/10023\/revisions\/10025"}],"wp:featuredmedia":[{"embeddable":true,"href":"https:\/\/cafecommessias.com.br\/index.php?rest_route=\/wp\/v2\/media\/10024"}],"wp:attachment":[{"href":"https:\/\/cafecommessias.com.br\/index.php?rest_route=%2Fwp%2Fv2%2Fmedia&parent=10023"}],"wp:term":[{"taxonomy":"category","embeddable":true,"href":"https:\/\/cafecommessias.com.br\/index.php?rest_route=%2Fwp%2Fv2%2Fcategories&post=10023"},{"taxonomy":"post_tag","embeddable":true,"href":"https:\/\/cafecommessias.com.br\/index.php?rest_route=%2Fwp%2Fv2%2Ftags&post=10023"}],"curies":[{"name":"wp","href":"https:\/\/api.w.org\/{rel}","templated":true}]}}