{"id":10176,"date":"2026-03-16T09:59:52","date_gmt":"2026-03-16T12:59:52","guid":{"rendered":"https:\/\/cafecommessias.com.br\/?p=10176"},"modified":"2026-03-16T10:01:28","modified_gmt":"2026-03-16T13:01:28","slug":"exercito-israelense-afirma-ter-destruido-aviao-usado-por-ali-khamenei","status":"publish","type":"post","link":"https:\/\/cafecommessias.com.br\/?p=10176","title":{"rendered":"Ex\u00e9rcito israelense afirma ter destru\u00eddo avi\u00e3o usado por Ali Khamenei"},"content":{"rendered":"\n<p>Aeronave usada pelo falecido l\u00edder supremo e por autoridades militares foi atingida em aeroporto de Teer\u00e3<\/p>\n\n\n\n<p>O Ex\u00e9rcito de Israel informou nesta segunda-feira (16) que destruiu um avi\u00e3o usado pelo falecido L\u00edder Supremo do Ir\u00e3, Ali Khamenei, no aeroporto Mehrabad, em Teer\u00e3, durante a noite.<\/p>\n\n\n\n<p>De acordo com a for\u00e7a militar, a aeronave era utilizada por altos funcion\u00e1rios e autoridades militares iranianas em viagens dentro do pa\u00eds e para o exterior, al\u00e9m de servir para coordenar a\u00e7\u00f5es com pa\u00edses aliados.<\/p>\n\n\n\n<p>O Mehrabad \u00e9 um dos aeroportos mais antigos de Teer\u00e3\u00a0e hoje opera principalmente voos dom\u00e9sticos e regionais. Al\u00e9m de ser o mais movimentado para voos internos, a instala\u00e7\u00e3o tem uso misto, abrigando tamb\u00e9m equipamentos da for\u00e7a a\u00e9rea iraniana.<\/p>\n\n\n\n<p><strong>O que est\u00e1 acontecendo no Oriente M\u00e9dio?<\/strong><\/p>\n\n\n\n<p>Os Estados Unidos e Israel est\u00e3o em guerra com o Ir\u00e3. O conflito teve in\u00edcio no dia 28 de fevereiro, quando um ataque coordenado entre os dois pa\u00edses\u00a0matou o l\u00edder supremo do pa\u00eds, Ali Khamenei, em Teer\u00e3.<\/p>\n\n\n\n<p>Diversas autoridades do alto escal\u00e3o do regime iraniano tamb\u00e9m foram mortas. Al\u00e9m disso, os EUA alegam terem\u00a0destru\u00eddo dezenas de navios do pa\u00eds, assim como sistemas de defesa a\u00e9rea, avi\u00f5es e outros alvos militares.<\/p>\n\n\n\n<p>Em retalia\u00e7\u00e3o, o regime dos aiatol\u00e1s fez ataques\u00a0contra diversos pa\u00edses da regi\u00e3o, como Emirados \u00c1rabes Unidos, Ar\u00e1bia Saudita, Catar, Bahrein, Kuwait, Jord\u00e2nia, Iraque e Om\u00e3.\u00a0 As autoridades iranianas dizem que t\u00eam como alvo apenas interesses dos Estados Unidos e Israel nessas na\u00e7\u00f5es.<\/p>\n\n\n\n<p>Mais de 1.200 civis morreram no Ir\u00e3 desde o in\u00edcio da guerra, segundo a Ag\u00eancia de Not\u00edcias de Ativistas de Direitos Humanos, que tem sede nos EUA. A Casa Branca, por sua vez, registrou ao menos sete mortes de soldados americanos em rela\u00e7\u00e3o direta aos ataques iranianos.<\/p>\n\n\n\n<p>O conflito tamb\u00e9m se\u00a0expandiu para o L\u00edbano. O Hezbollah, um grupo armado apoiado pelo Ir\u00e3,\u00a0atacou o territ\u00f3rio israelense\u00a0em retalia\u00e7\u00e3o \u00e0 morte de Ali Khamenei. Com isso, Israel tem realizado ofensivas a\u00e9reas contra o que diz ser alvos do Hezbollah no pa\u00eds vizinho. Centenas de pessoas morreram no territ\u00f3rio liban\u00eas desde ent\u00e3o.<\/p>\n\n\n\n<p>Com a morte de grande parte de sua lideran\u00e7a, um conselho do Ir\u00e3 elegeu um novo l\u00edder supremo:\u00a0Mojtaba Khamenei, filho de Ali Khamenei. Especialistas apontam que ele\u00a0n\u00e3o far\u00e1 mudan\u00e7as estruturais\u00a0e representa\u00a0continuidade da repress\u00e3o.<\/p>\n\n\n\n<p>Donald Trump mostrou descontentamento com essa escolha,\u00a0classificando como um &#8220;grande erro&#8221;. Ele havia dito que precisaria estar envolvido no processo e pontuou que Mojtaba seria &#8220;inaceit\u00e1vel&#8221; para a lideran\u00e7a do Ir\u00e3.<\/p>\n\n\n<div class=\"wp-block-post-author\"><div class=\"wp-block-post-author__avatar\"><img alt='' src='https:\/\/secure.gravatar.com\/avatar\/a62bcf199877d37056dc55ccc32b6decbd05abb46ce616ef4c38b16491e4d91d?s=48&#038;r=g' srcset='https:\/\/secure.gravatar.com\/avatar\/a62bcf199877d37056dc55ccc32b6decbd05abb46ce616ef4c38b16491e4d91d?s=96&#038;r=g 2x' class='avatar avatar-48 photo' height='48' width='48' \/><\/div><div class=\"wp-block-post-author__content\"><p class=\"wp-block-post-author__name\">Blogcafecommessias<\/p><\/div><\/div>\n\n<div class=\"wp-block-image\">\n<figure class=\"aligncenter size-full\"><img loading=\"lazy\" decoding=\"async\" width=\"750\" height=\"200\" src=\"https:\/\/cafecommessias.com.br\/wp-content\/uploads\/2026\/03\/Banner-1-ANO-750x200px-2.png\" alt=\"\" class=\"wp-image-10100\" srcset=\"https:\/\/cafecommessias.com.br\/wp-content\/uploads\/2026\/03\/Banner-1-ANO-750x200px-2.png 750w, https:\/\/cafecommessias.com.br\/wp-content\/uploads\/2026\/03\/Banner-1-ANO-750x200px-2-300x80.png 300w\" sizes=\"auto, (max-width: 750px) 100vw, 750px\" \/><\/figure>\n<\/div>\n\n\n<p><a href=\"https:\/\/www.facebook.com\/sharer\/sharer.php?u=https%3A%2F%2Fwww.cnnbrasil.com.br%2Finternacional%2Fexercito-israelense-afirma-ter-destruido-aviao-usado-por-ali-khamenei%2F\" target=\"_blank\" rel=\"noreferrer noopener\"><\/a><a href=\"https:\/\/twitter.com\/share?text=Ex%C3%A9rcito%20israelense%20afirma%20ter%20destru%C3%ADdo%20avi%C3%A3o%20usado%20por%20Ali%20Khamenei%20%7C%20CNN%20Brasil%20%23CNNBrasil%20%7C%20Not%C3%ADcias%20da%20%40CNNBrasil&amp;url=https%3A%2F%2Fwww.cnnbrasil.com.br%2Finternacional%2Fexercito-israelense-afirma-ter-destruido-aviao-usado-por-ali-khamenei%2F\" target=\"_blank\" rel=\"noreferrer noopener\"><\/a><a href=\"https:\/\/www.linkedin.com\/shareArticle?mini=true&amp;url=https%3A%2F%2Fwww.cnnbrasil.com.br%2Finternacional%2Fexercito-israelense-afirma-ter-destruido-aviao-usado-por-ali-khamenei%2F\" target=\"_blank\" rel=\"noreferrer noopener\"><\/a><a href=\"https:\/\/wa.me\/?text=Ex%C3%A9rcito%20israelense%20afirma%20ter%20destru%C3%ADdo%20avi%C3%A3o%20usado%20por%20Ali%20Khamenei%20%7C%20CNN%20Brasil%20-%20https%3A%2F%2Fwww.cnnbrasil.com.br%2Finternacional%2Fexercito-israelense-afirma-ter-destruido-aviao-usado-por-ali-khamenei%2F\" target=\"_blank\" rel=\"noreferrer noopener\"><\/a><a href=\"https:\/\/www.cnnbrasil.com.br\/internacional\/exercito-israelense-afirma-ter-destruido-aviao-usado-por-ali-khamenei\/\"><\/a><\/p>\n\n\n\n<p><\/p>\n","protected":false},"excerpt":{"rendered":"<p>Aeronave usada pelo falecido l\u00edder supremo e por autoridades militares foi atingida em aeroporto de Teer\u00e3 O Ex\u00e9rcito de Israel informou nesta segunda-feira (16) que destruiu um avi\u00e3o usado pelo falecido L\u00edder Supremo do Ir\u00e3, Ali Khamenei, no aeroporto Mehrabad, em Teer\u00e3, durante a noite. De acordo com a for\u00e7a militar, a aeronave era utilizada&#8230;<\/p>\n","protected":false},"author":1,"featured_media":0,"comment_status":"open","ping_status":"open","sticky":false,"template":"","format":"standard","meta":{"footnotes":""},"categories":[4,2],"tags":[],"class_list":["post-10176","post","type-post","status-publish","format-standard","hentry","category-anuncie-aqui","category-internacional"],"_links":{"self":[{"href":"https:\/\/cafecommessias.com.br\/index.php?rest_route=\/wp\/v2\/posts\/10176","targetHints":{"allow":["GET"]}}],"collection":[{"href":"https:\/\/cafecommessias.com.br\/index.php?rest_route=\/wp\/v2\/posts"}],"about":[{"href":"https:\/\/cafecommessias.com.br\/index.php?rest_route=\/wp\/v2\/types\/post"}],"author":[{"embeddable":true,"href":"https:\/\/cafecommessias.com.br\/index.php?rest_route=\/wp\/v2\/users\/1"}],"replies":[{"embeddable":true,"href":"https:\/\/cafecommessias.com.br\/index.php?rest_route=%2Fwp%2Fv2%2Fcomments&post=10176"}],"version-history":[{"count":1,"href":"https:\/\/cafecommessias.com.br\/index.php?rest_route=\/wp\/v2\/posts\/10176\/revisions"}],"predecessor-version":[{"id":10177,"href":"https:\/\/cafecommessias.com.br\/index.php?rest_route=\/wp\/v2\/posts\/10176\/revisions\/10177"}],"wp:attachment":[{"href":"https:\/\/cafecommessias.com.br\/index.php?rest_route=%2Fwp%2Fv2%2Fmedia&parent=10176"}],"wp:term":[{"taxonomy":"category","embeddable":true,"href":"https:\/\/cafecommessias.com.br\/index.php?rest_route=%2Fwp%2Fv2%2Fcategories&post=10176"},{"taxonomy":"post_tag","embeddable":true,"href":"https:\/\/cafecommessias.com.br\/index.php?rest_route=%2Fwp%2Fv2%2Ftags&post=10176"}],"curies":[{"name":"wp","href":"https:\/\/api.w.org\/{rel}","templated":true}]}}