{"id":10245,"date":"2026-03-20T20:26:25","date_gmt":"2026-03-20T23:26:25","guid":{"rendered":"https:\/\/cafecommessias.com.br\/?p=10245"},"modified":"2026-03-20T20:26:26","modified_gmt":"2026-03-20T23:26:26","slug":"walter-alves-fica-como-vice-ate-o-fim-do-mandato-que-eu-saiba-ela-nao-pode-me-demitir","status":"publish","type":"post","link":"https:\/\/cafecommessias.com.br\/?p=10245","title":{"rendered":"Walter Alves fica como vice at\u00e9 o fim do mandato: \u201cQue eu saiba ela n\u00e3o pode me demitir\u201d"},"content":{"rendered":"\n<p>O vice-governador do Rio Grande do Norte, Walter Alves (MDB), confirmou que vai permanecer no cargo at\u00e9 o fim do mandato ap\u00f3s a governadora F\u00e1tima Bezerra (PT) desistir da candidatura ao Senado. Ele tamb\u00e9m refor\u00e7ou que mant\u00e9m a pr\u00e9-candidatura a deputado estadual nas elei\u00e7\u00f5es deste ano.<\/p>\n\n\n\n<p>Ao ser questionado sobre os motivos que o motivaram a permanecer no cargo e disputar uma cadeira da Assembleia, Walter disse: \u201cRecebi a miss\u00e3o de ser vice-governador e estou cumprindo. O que n\u00e3o posso \u00e9 assumir a cadeira de governador e ser respons\u00e1vel pelo colapso financeiro do Estado, em apenas oito meses. Ficarei como vice-governador at\u00e9 porque, que eu saiba, a governadora n\u00e3o pode me demitir. Sou pr\u00e9-candidato a deputado estadual\u201d, disse.<\/p>\n\n\n\n<p>Presidente estadual do MDB, Walter havia anunciado que renunciaria ao mandato, caso a governadora deixasse o cargo para a disputar as elei\u00e7\u00f5es. O motivo seria para n\u00e3o assumir o governo estadual, j\u00e1 que o impediria de disputar as elei\u00e7\u00e3o para deputado estadual em outubro.<\/p>\n\n\n\n<p>Conforme a Lei de Inelegibilidade, vice-governador pode candidatar-se a outros cargos, preservando o seu mandato respectivo, desde que, nos \u00faltimos 6 meses anteriores ao pleito (ou seja, a partir de 4 abril), n\u00e3o tenha sucedido ou substitu\u00eddo o titular.<\/p>\n\n\n\n<p><sub>por Tribuna do Norte<\/sub><\/p>\n\n\n<div class=\"wp-block-post-author\"><div class=\"wp-block-post-author__avatar\"><img alt='' src='https:\/\/secure.gravatar.com\/avatar\/a62bcf199877d37056dc55ccc32b6decbd05abb46ce616ef4c38b16491e4d91d?s=48&#038;r=g' srcset='https:\/\/secure.gravatar.com\/avatar\/a62bcf199877d37056dc55ccc32b6decbd05abb46ce616ef4c38b16491e4d91d?s=96&#038;r=g 2x' class='avatar avatar-48 photo' height='48' width='48' \/><\/div><div class=\"wp-block-post-author__content\"><p class=\"wp-block-post-author__name\">Blogcafecommessias<\/p><\/div><\/div>\n\n\n<figure class=\"wp-block-image size-full\"><img loading=\"lazy\" decoding=\"async\" width=\"970\" height=\"250\" src=\"https:\/\/cafecommessias.com.br\/wp-content\/uploads\/2026\/03\/Lixo-nas-Ruas_970x250.png\" alt=\"\" class=\"wp-image-10246\" srcset=\"https:\/\/cafecommessias.com.br\/wp-content\/uploads\/2026\/03\/Lixo-nas-Ruas_970x250.png 970w, https:\/\/cafecommessias.com.br\/wp-content\/uploads\/2026\/03\/Lixo-nas-Ruas_970x250-300x77.png 300w, https:\/\/cafecommessias.com.br\/wp-content\/uploads\/2026\/03\/Lixo-nas-Ruas_970x250-768x198.png 768w\" sizes=\"auto, (max-width: 970px) 100vw, 970px\" \/><\/figure>\n","protected":false},"excerpt":{"rendered":"<p>O vice-governador do Rio Grande do Norte, Walter Alves (MDB), confirmou que vai permanecer no cargo at\u00e9 o fim do mandato ap\u00f3s a governadora F\u00e1tima Bezerra (PT) desistir da candidatura ao Senado. Ele tamb\u00e9m refor\u00e7ou que mant\u00e9m a pr\u00e9-candidatura a deputado estadual nas elei\u00e7\u00f5es deste ano. Ao ser questionado sobre os motivos que o motivaram&#8230;<\/p>\n","protected":false},"author":1,"featured_media":10247,"comment_status":"open","ping_status":"open","sticky":false,"template":"","format":"standard","meta":{"footnotes":""},"categories":[4,6],"tags":[],"class_list":["post-10245","post","type-post","status-publish","format-standard","has-post-thumbnail","hentry","category-anuncie-aqui","category-politica"],"_links":{"self":[{"href":"https:\/\/cafecommessias.com.br\/index.php?rest_route=\/wp\/v2\/posts\/10245","targetHints":{"allow":["GET"]}}],"collection":[{"href":"https:\/\/cafecommessias.com.br\/index.php?rest_route=\/wp\/v2\/posts"}],"about":[{"href":"https:\/\/cafecommessias.com.br\/index.php?rest_route=\/wp\/v2\/types\/post"}],"author":[{"embeddable":true,"href":"https:\/\/cafecommessias.com.br\/index.php?rest_route=\/wp\/v2\/users\/1"}],"replies":[{"embeddable":true,"href":"https:\/\/cafecommessias.com.br\/index.php?rest_route=%2Fwp%2Fv2%2Fcomments&post=10245"}],"version-history":[{"count":1,"href":"https:\/\/cafecommessias.com.br\/index.php?rest_route=\/wp\/v2\/posts\/10245\/revisions"}],"predecessor-version":[{"id":10248,"href":"https:\/\/cafecommessias.com.br\/index.php?rest_route=\/wp\/v2\/posts\/10245\/revisions\/10248"}],"wp:featuredmedia":[{"embeddable":true,"href":"https:\/\/cafecommessias.com.br\/index.php?rest_route=\/wp\/v2\/media\/10247"}],"wp:attachment":[{"href":"https:\/\/cafecommessias.com.br\/index.php?rest_route=%2Fwp%2Fv2%2Fmedia&parent=10245"}],"wp:term":[{"taxonomy":"category","embeddable":true,"href":"https:\/\/cafecommessias.com.br\/index.php?rest_route=%2Fwp%2Fv2%2Fcategories&post=10245"},{"taxonomy":"post_tag","embeddable":true,"href":"https:\/\/cafecommessias.com.br\/index.php?rest_route=%2Fwp%2Fv2%2Ftags&post=10245"}],"curies":[{"name":"wp","href":"https:\/\/api.w.org\/{rel}","templated":true}]}}