{"id":10249,"date":"2026-03-20T20:32:48","date_gmt":"2026-03-20T23:32:48","guid":{"rendered":"https:\/\/cafecommessias.com.br\/?p=10249"},"modified":"2026-03-20T20:32:49","modified_gmt":"2026-03-20T23:32:49","slug":"nina-souza-diz-que-deixara-uniao-brasil-e-admite-risco-de-perder-mandato-ao-migrar-para-o-pl","status":"publish","type":"post","link":"https:\/\/cafecommessias.com.br\/?p=10249","title":{"rendered":"Nina Souza diz que deixar\u00e1 Uni\u00e3o Brasil e admite risco de perder mandato ao migrar para o PL"},"content":{"rendered":"\n<p>A secret\u00e1ria municipal do Trabalho e Assist\u00eancia Social de Natal, Nina Souza (Uni\u00e3o Brasil), afirmou que pretende deixar o partido para se filiar ao PL, mesmo diante do risco de perder o mandato de vereadora, em que foi eleita em 2024. A declara\u00e7\u00e3o foi dada nesta sexta-feira (20), em entrevista ao programa Tribuna Livre, da Jovem Pan News Natal (93,5 FM). A situa\u00e7\u00e3o ocorre ap\u00f3s o Uni\u00e3o Brasil negar a carta de anu\u00eancia aos filiados do RN para concorrer na disputa eleitoral de 2026.<\/p>\n\n\n\n<p>Segundo Nina, advogados j\u00e1 est\u00e3o acionando a Justi\u00e7a para viabilizar a sa\u00edda por justa causa. \u201cOs nossos advogados est\u00e3o entrando com pedido de justa causa com rela\u00e7\u00e3o \u00e0 minha sa\u00edda do Uni\u00e3o Brasil. N\u00e3o sei se vai dar tempo ser amanh\u00e3, mas o fato \u00e9 que eu j\u00e1 vou pro PL\u201d, disse. Neste s\u00e1bado (21), Fl\u00e1vio Bolsonaro estar\u00e1 em Natal para filiar os pr\u00e9-candidatos do PL.<\/p>\n\n\n\n<p>Questionada sobre a possibilidade de perder o mandato, ela afirmou: \u201cQuem me deu esse mandato foi Deus e o povo. A gente s\u00f3 perde as coisas quando Deus quer. [\u2026] Vou ser pr\u00e9-candidata, colocar meu nome e o povo do Rio Grande do Norte vai dizer se eu saio da vida p\u00fablica ou n\u00e3o\u201d. A secret\u00e1ria tamb\u00e9m reconheceu o risco pol\u00edtico da decis\u00e3o. \u201cMesmo sabendo que eu posso me prejudicar, eu resolvi sair\u201d, declarou.<\/p>\n\n\n\n<p>Nina justificou a sa\u00edda com base em diverg\u00eancias pol\u00edticas dentro do partido, especialmente diante do cen\u00e1rio para 2026, em que o prefeito de Mossor\u00f3, Allyson Bezerra, est\u00e1 confirmado como o candidato ao Governo pelo Uni\u00e3o Brasil. \u201cComo \u00e9 que eu vou ser pr\u00e9-candidata a deputada federal numa legenda que eu n\u00e3o voto no governador? [\u2026] Isso \u00e9 enquadrado na infidelidade partid\u00e1ria\u201d, afirmou.<\/p>\n\n\n\n<p>Ela tamb\u00e9m citou a rela\u00e7\u00e3o pol\u00edtica constru\u00edda em elei\u00e7\u00f5es anteriores. \u201cN\u00f3s n\u00e3o t\u00ednhamos condi\u00e7\u00f5es de em 2024 ter recebido o apoio de \u00c1lvaro, ter recebido o apoio de Rog\u00e9rio, ter recebido o apoio de Styvenson e virar as costas pra essas pessoas [\u2026] Eu at\u00e9 agrade\u00e7o as pessoas do Partido Liberal, ao senador Rog\u00e9rio, a todos que integram o PL, pelo carinho, pelo amor mesmo que eles abriram as portas que eu fosse pro partido\u201d, afirmou.<\/p>\n\n\n\n<p>Nina tamb\u00e9m afirmou que j\u00e1 deixou encaminhada a sucess\u00e3o na Semtas e indicou que a pasta dever\u00e1 ser assumida por uma servidora de carreira. Segundo ela, a escolha recaiu sobre \u201cuma pessoa que nunca teve v\u00ednculo pol\u00edtico\u201d, e que re\u00fane perfil t\u00e9cnico para dar continuidade \u00e0s a\u00e7\u00f5es. \u201cPela primeira vez vai ter uma secret\u00e1ria do quadro da Semtas\u201d, disse.<\/p>\n\n\n\n<p><strong>Balan\u00e7o na Semtas<\/strong><\/p>\n\n\n\n<p>Na entrevista, Nina Souza tamb\u00e9m apresentou um balan\u00e7o da gest\u00e3o \u00e0 frente da Secretaria Municipal do Trabalho e Assist\u00eancia Social e afirmou que, em pouco mais de um ano, a pasta passou por uma reestrutura\u00e7\u00e3o com amplia\u00e7\u00e3o dos atendimentos e cria\u00e7\u00e3o de novos programas. \u201cN\u00f3s fizemos em um ano o que poderia ter sido feito em quatro\u201d, disse. Segundo ela, o Cadastro \u00danico saiu de uma fila de mais de 38 mil pessoas para mais de 100 mil atendimentos realizados.<\/p>\n\n\n\n<p>A secret\u00e1ria destacou avan\u00e7os na seguran\u00e7a alimentar, com a amplia\u00e7\u00e3o de 27 para 104 institui\u00e7\u00f5es atendidas e a distribui\u00e7\u00e3o de mais de 200 toneladas de alimentos e 35 mil latas de leite. Tamb\u00e9m citou o programa Alimenta Natal, que distribui cerca de 17 mil refei\u00e7\u00f5es por m\u00eas, e a amplia\u00e7\u00e3o da rede de acolhimento, com novos espa\u00e7os voltados \u00e0 popula\u00e7\u00e3o em situa\u00e7\u00e3o de rua, oferecendo alimenta\u00e7\u00e3o, higiene, capacita\u00e7\u00e3o e inser\u00e7\u00e3o no mercado de trabalho.<\/p>\n\n\n\n<p>Na \u00e1rea de qualifica\u00e7\u00e3o profissional, Nina afirmou que mais de 3 mil pessoas foram capacitadas, com foco em cursos alinhados \u00e0s demandas do mercado. Entre os projetos estruturantes, ela destacou a cria\u00e7\u00e3o da Cidade Social, que deve reunir diversos servi\u00e7os em um \u00fanico espa\u00e7o na Zona Norte, que dever\u00e1 ter a ordem de servi\u00e7o assinada na pr\u00f3xima semana.<\/p>\n\n\n\n<p><sub>por Tribuna do Norte<\/sub><\/p>\n\n\n<div class=\"wp-block-post-author\"><div class=\"wp-block-post-author__avatar\"><img alt='' src='https:\/\/secure.gravatar.com\/avatar\/a62bcf199877d37056dc55ccc32b6decbd05abb46ce616ef4c38b16491e4d91d?s=48&#038;r=g' srcset='https:\/\/secure.gravatar.com\/avatar\/a62bcf199877d37056dc55ccc32b6decbd05abb46ce616ef4c38b16491e4d91d?s=96&#038;r=g 2x' class='avatar avatar-48 photo' height='48' width='48' \/><\/div><div class=\"wp-block-post-author__content\"><p class=\"wp-block-post-author__name\">Blogcafecommessias<\/p><\/div><\/div>\n\n\n<figure class=\"wp-block-image size-large\"><img decoding=\"async\" src=\"https:\/\/cafecommessias.com.br\/wp-content\/uploads\/2026\/03\/Banner_Seguranca_Transformada_1300x250px-5.gif\" alt=\"\"\/><\/figure>\n","protected":false},"excerpt":{"rendered":"<p>A secret\u00e1ria municipal do Trabalho e Assist\u00eancia Social de Natal, Nina Souza (Uni\u00e3o Brasil), afirmou que pretende deixar o partido para se filiar ao PL, mesmo diante do risco de perder o mandato de vereadora, em que foi eleita em 2024. A declara\u00e7\u00e3o foi dada nesta sexta-feira (20), em entrevista ao programa Tribuna Livre, da&#8230;<\/p>\n","protected":false},"author":1,"featured_media":0,"comment_status":"open","ping_status":"open","sticky":false,"template":"","format":"standard","meta":{"footnotes":""},"categories":[4,6],"tags":[],"class_list":["post-10249","post","type-post","status-publish","format-standard","hentry","category-anuncie-aqui","category-politica"],"_links":{"self":[{"href":"https:\/\/cafecommessias.com.br\/index.php?rest_route=\/wp\/v2\/posts\/10249","targetHints":{"allow":["GET"]}}],"collection":[{"href":"https:\/\/cafecommessias.com.br\/index.php?rest_route=\/wp\/v2\/posts"}],"about":[{"href":"https:\/\/cafecommessias.com.br\/index.php?rest_route=\/wp\/v2\/types\/post"}],"author":[{"embeddable":true,"href":"https:\/\/cafecommessias.com.br\/index.php?rest_route=\/wp\/v2\/users\/1"}],"replies":[{"embeddable":true,"href":"https:\/\/cafecommessias.com.br\/index.php?rest_route=%2Fwp%2Fv2%2Fcomments&post=10249"}],"version-history":[{"count":1,"href":"https:\/\/cafecommessias.com.br\/index.php?rest_route=\/wp\/v2\/posts\/10249\/revisions"}],"predecessor-version":[{"id":10252,"href":"https:\/\/cafecommessias.com.br\/index.php?rest_route=\/wp\/v2\/posts\/10249\/revisions\/10252"}],"wp:attachment":[{"href":"https:\/\/cafecommessias.com.br\/index.php?rest_route=%2Fwp%2Fv2%2Fmedia&parent=10249"}],"wp:term":[{"taxonomy":"category","embeddable":true,"href":"https:\/\/cafecommessias.com.br\/index.php?rest_route=%2Fwp%2Fv2%2Fcategories&post=10249"},{"taxonomy":"post_tag","embeddable":true,"href":"https:\/\/cafecommessias.com.br\/index.php?rest_route=%2Fwp%2Fv2%2Ftags&post=10249"}],"curies":[{"name":"wp","href":"https:\/\/api.w.org\/{rel}","templated":true}]}}