{"id":10255,"date":"2026-03-20T20:40:11","date_gmt":"2026-03-20T23:40:11","guid":{"rendered":"https:\/\/cafecommessias.com.br\/?p=10255"},"modified":"2026-03-20T20:40:12","modified_gmt":"2026-03-20T23:40:12","slug":"com-voto-de-gilmar-stf-tem-unanimidade-para-manter-prisao-de-vorcaro","status":"publish","type":"post","link":"https:\/\/cafecommessias.com.br\/?p=10255","title":{"rendered":"Com voto de Gilmar, STF tem unanimidade para manter pris\u00e3o de Vorcaro"},"content":{"rendered":"\n<p>O ministro\u00a0<strong>Gilmar Mendes<\/strong>, do\u00a0STF (Supremo Tribunal Federal), acompanhou com ressalvas o relator\u00a0Andr\u00e9 Mendon\u00e7a\u00a0e votou nesta sexta-feira (20) pela manuten\u00e7\u00e3o da pris\u00e3o do ex-banqueiro\u00a0<strong>Daniel Vorcaro<\/strong>, dono do Banco Master.\u00a0Com o posicionamento, a Segunda Turma da Corte alcan\u00e7ou unanimidade no julgamento.<\/p>\n\n\n\n<p>A maioria j\u00e1 havia sido formada\u00a0logo ap\u00f3s a abertura do plen\u00e1rio virtual, na \u00faltima sexta-feira (13), com os votos de\u00a0Nunes Marques\u00a0e\u00a0Luiz Fux\u00a0acompanhando o relator. O ministro\u00a0Dias Toffoli\u00a0se declarou impedido de participar da an\u00e1lise.<\/p>\n\n\n\n<p>Interlocutores do Supremo j\u00e1 avaliavam que, diante da maioria consolidada, o ministro tenderia a acompanhar o relator. O voto, segundo essa leitura, serviria mais para registrar preocupa\u00e7\u00f5es institucionais do que para alterar o desfecho do julgamento.<\/p>\n\n\n\n<p>Foi o que se confirmou. Ao votar nesta sexta-feira (20), o ministro acompanhou Andr\u00e9 Mendon\u00e7a, mas fez duras cr\u00edticas \u00e0 fundamenta\u00e7\u00e3o adotada para a decreta\u00e7\u00e3o das pris\u00f5es.<\/p>\n\n\n\n<p>Gilmar afirmou que o uso de argumentos gen\u00e9ricos \u2014 como&nbsp;<strong>\u201cpacifica\u00e7\u00e3o social\u201d<\/strong>&nbsp;e&nbsp;<strong>\u201cresposta \u00e0 sociedade\u201d<\/strong>&nbsp;\u2014 exige cautela e n\u00e3o pode servir como base para medidas cautelares. Segundo ele, o recurso a&nbsp;<strong>\u201cconceitos porosos e el\u00e1sticos\u201d<\/strong>&nbsp;compromete a legalidade das decis\u00f5es e afronta o princ\u00edpio da presun\u00e7\u00e3o de inoc\u00eancia.<\/p>\n\n\n\n<p>&#8220;Dito isso, antecipo que, a meu ver, existem raz\u00f5es para referendar a decis\u00e3o do eminente relator. Existem fatores que justificam a pris\u00e3o preventiva dos acusados para evitar que, soltos, possam atuar para prejudicar o bom andamento das investiga\u00e7\u00f5es. Mas guardo reservas em rela\u00e7\u00e3o ao uso de conceitos el\u00e1sticos e ju\u00edzos morais, como &#8216;confian\u00e7a social na Justi\u00e7a&#8217;, &#8216;pacifica\u00e7\u00e3o social&#8217; e &#8216;resposta c\u00e9lere do sistema de Justi\u00e7a&#8217;, como atalhos argumentativos para fundamentar a pris\u00e3o preventiva&#8221;, escreveu.<\/p>\n\n\n\n<p>Apesar das ressalvas, o ministro entendeu que&nbsp;<strong>h\u00e1 elementos concretos que justificam a manuten\u00e7\u00e3o das pris\u00f5es<\/strong>, s\u00e3o eles:<\/p>\n\n\n\n<ul class=\"wp-block-list\">\n<li>Ind\u00edcios de acesso il\u00edcito a bases de dados sigilosas;<\/li>\n\n\n\n<li>Risco de interfer\u00eancia nas investiga\u00e7\u00f5es;<\/li>\n\n\n\n<li>Atua\u00e7\u00e3o coordenada entre os investigados;<\/li>\n\n\n\n<li>Capacidade de influ\u00eancia dos envolvidos; e<\/li>\n\n\n\n<li>Elementos apresentados pela Pol\u00edcia Federal.<\/li>\n<\/ul>\n\n\n\n<p>O ministro tamb\u00e9m criticou o envio de Vorcaro a um pres\u00eddio de seguran\u00e7a m\u00e1xima. Ele argumenta que a inclus\u00e3o em pres\u00eddio federal exige fundamenta\u00e7\u00e3o&nbsp;<strong>&#8220;substancial e anal\u00edtica&#8221;<\/strong>, o que, segundo ele, n\u00e3o ocorreu.<\/p>\n\n\n\n<p>Gilmar aponta que a Pol\u00edcia Federal utilizou alega\u00e7\u00f5es gen\u00e9ricas sobre o &#8220;tr\u00e2nsito pol\u00edtico&#8221; do investigado e justificativas de prote\u00e7\u00e3o \u00e0 sua integridade para impor um regime muito mais severo do que o necess\u00e1rio.<\/p>\n\n\n\n<h2 class=\"wp-block-heading\">Transfer\u00eancia<\/h2>\n\n\n\n<p>O dono do banco Master foi transferido na quinta-feira (19) para a Superintend\u00eancia da PF em Bras\u00edlia.<\/p>\n\n\n\n<p>Antes, Vorcaro estava na Penitenci\u00e1ria Federal de Bras\u00edlia e dificultava o contato do ex-banqueiro com seus advogados e, consequentemente, as\u00a0negocia\u00e7\u00f5es para uma dela\u00e7\u00e3o.<\/p>\n\n\n\n<p>A transfer\u00eancia foi determinada pelo ministro Andr\u00e9 Mendon\u00e7a, relator do caso no STF. O magistrado chegou a conceder ao ex-banqueiro o direito de se comunicar com seus advogados sem ser gravado, mas o contato seguiu limitado devido \u00e0s exig\u00eancias da penitenci\u00e1ria federal.<\/p>\n\n\n\n<p>Agora, como mostrou a\u00a0<strong>CNN<\/strong>, o ex-banqueiro\u00a0j\u00e1 assinou com a PGR (Procuradoria-Geral da Rep\u00fablica) e com a Pol\u00edcia Federal um termo de confidencialidade. A assinatura representa a primeira etapa para firmar um acordo de colabora\u00e7\u00e3o premiada.<\/p>\n\n\n\n<p><sub>por CNN Brasil, Bras\u00edlia<\/sub><\/p>\n\n\n<div class=\"wp-block-post-author\"><div class=\"wp-block-post-author__avatar\"><img alt='' src='https:\/\/secure.gravatar.com\/avatar\/a62bcf199877d37056dc55ccc32b6decbd05abb46ce616ef4c38b16491e4d91d?s=48&#038;r=g' srcset='https:\/\/secure.gravatar.com\/avatar\/a62bcf199877d37056dc55ccc32b6decbd05abb46ce616ef4c38b16491e4d91d?s=96&#038;r=g 2x' class='avatar avatar-48 photo' height='48' width='48' \/><\/div><div class=\"wp-block-post-author__content\"><p class=\"wp-block-post-author__name\">Blogcafecommessias<\/p><\/div><\/div>\n\n\n<figure class=\"wp-block-image size-full\"><img loading=\"lazy\" decoding=\"async\" width=\"630\" height=\"96\" src=\"https:\/\/cafecommessias.com.br\/wp-content\/uploads\/2026\/03\/630x96-Adolescencia.png-3.webp\" alt=\"\" class=\"wp-image-10257\" srcset=\"https:\/\/cafecommessias.com.br\/wp-content\/uploads\/2026\/03\/630x96-Adolescencia.png-3.webp 630w, https:\/\/cafecommessias.com.br\/wp-content\/uploads\/2026\/03\/630x96-Adolescencia.png-3-300x46.webp 300w\" sizes=\"auto, (max-width: 630px) 100vw, 630px\" \/><\/figure>\n","protected":false},"excerpt":{"rendered":"<p>O ministro\u00a0Gilmar Mendes, do\u00a0STF (Supremo Tribunal Federal), acompanhou com ressalvas o relator\u00a0Andr\u00e9 Mendon\u00e7a\u00a0e votou nesta sexta-feira (20) pela manuten\u00e7\u00e3o da pris\u00e3o do ex-banqueiro\u00a0Daniel Vorcaro, dono do Banco Master.\u00a0Com o posicionamento, a Segunda Turma da Corte alcan\u00e7ou unanimidade no julgamento. A maioria j\u00e1 havia sido formada\u00a0logo ap\u00f3s a abertura do plen\u00e1rio virtual, na \u00faltima sexta-feira (13),&#8230;<\/p>\n","protected":false},"author":1,"featured_media":10258,"comment_status":"open","ping_status":"open","sticky":false,"template":"","format":"standard","meta":{"footnotes":""},"categories":[4],"tags":[],"class_list":["post-10255","post","type-post","status-publish","format-standard","has-post-thumbnail","hentry","category-anuncie-aqui"],"_links":{"self":[{"href":"https:\/\/cafecommessias.com.br\/index.php?rest_route=\/wp\/v2\/posts\/10255","targetHints":{"allow":["GET"]}}],"collection":[{"href":"https:\/\/cafecommessias.com.br\/index.php?rest_route=\/wp\/v2\/posts"}],"about":[{"href":"https:\/\/cafecommessias.com.br\/index.php?rest_route=\/wp\/v2\/types\/post"}],"author":[{"embeddable":true,"href":"https:\/\/cafecommessias.com.br\/index.php?rest_route=\/wp\/v2\/users\/1"}],"replies":[{"embeddable":true,"href":"https:\/\/cafecommessias.com.br\/index.php?rest_route=%2Fwp%2Fv2%2Fcomments&post=10255"}],"version-history":[{"count":1,"href":"https:\/\/cafecommessias.com.br\/index.php?rest_route=\/wp\/v2\/posts\/10255\/revisions"}],"predecessor-version":[{"id":10259,"href":"https:\/\/cafecommessias.com.br\/index.php?rest_route=\/wp\/v2\/posts\/10255\/revisions\/10259"}],"wp:featuredmedia":[{"embeddable":true,"href":"https:\/\/cafecommessias.com.br\/index.php?rest_route=\/wp\/v2\/media\/10258"}],"wp:attachment":[{"href":"https:\/\/cafecommessias.com.br\/index.php?rest_route=%2Fwp%2Fv2%2Fmedia&parent=10255"}],"wp:term":[{"taxonomy":"category","embeddable":true,"href":"https:\/\/cafecommessias.com.br\/index.php?rest_route=%2Fwp%2Fv2%2Fcategories&post=10255"},{"taxonomy":"post_tag","embeddable":true,"href":"https:\/\/cafecommessias.com.br\/index.php?rest_route=%2Fwp%2Fv2%2Ftags&post=10255"}],"curies":[{"name":"wp","href":"https:\/\/api.w.org\/{rel}","templated":true}]}}