{"id":10276,"date":"2026-03-21T11:41:50","date_gmt":"2026-03-21T14:41:50","guid":{"rendered":"https:\/\/cafecommessias.com.br\/?p=10276"},"modified":"2026-03-21T11:42:05","modified_gmt":"2026-03-21T14:42:05","slug":"eleicoes-2026-prazo-para-tirar-ou-regularizar-titulo-de-eleitor-vai-ate-6-de-maio","status":"publish","type":"post","link":"https:\/\/cafecommessias.com.br\/?p=10276","title":{"rendered":"ELEI\u00c7\u00d5ES 2026: Prazo para tirar ou regularizar t\u00edtulo de eleitor vai at\u00e9 6 de maio"},"content":{"rendered":"\n<p>O prazo para tirar o t\u00edtulo de eleitor, regularizar a situa\u00e7\u00e3o ou transferir o domic\u00edlio termina em 6 de maio de 2026, segundo a Justi\u00e7a Eleitoral do Brasil.<\/p>\n\n\n\n<p>Ap\u00f3s essa data, o cadastro ser\u00e1 fechado em 7 de maio, 150 dias antes do primeiro turno das elei\u00e7\u00f5es, marcado para 4 de outubro de 2026. Quem comparecer at\u00e9 o fim do expediente no dia 6 ter\u00e1 atendimento garantido.<\/p>\n\n\n\n<p>At\u00e9 o prazo, \u00e9 poss\u00edvel solicitar o primeiro t\u00edtulo, fazer transfer\u00eancia ou atualizar dados. O pedido pode ser feito online (at\u00e9 6 de abril, para coleta de biometria) ou presencialmente.<\/p>\n\n\n\n<p>O voto \u00e9 obrigat\u00f3rio para maiores de 18 anos e facultativo para jovens de 16 e 17 anos, idosos acima de 70 e analfabetos. Quem completar 18 anos entre os turnos vota obrigatoriamente apenas no segundo.<\/p>\n","protected":false},"excerpt":{"rendered":"<p>O prazo para tirar o t\u00edtulo de eleitor, regularizar a situa\u00e7\u00e3o ou transferir o domic\u00edlio termina em 6 de maio de 2026, segundo a Justi\u00e7a Eleitoral do Brasil. Ap\u00f3s essa data, o cadastro ser\u00e1 fechado em 7 de maio, 150 dias antes do primeiro turno das elei\u00e7\u00f5es, marcado para 4 de outubro de 2026. Quem&#8230;<\/p>\n","protected":false},"author":1,"featured_media":10277,"comment_status":"open","ping_status":"closed","sticky":false,"template":"","format":"standard","meta":{"footnotes":""},"categories":[3],"tags":[],"class_list":["post-10276","post","type-post","status-publish","format-standard","has-post-thumbnail","hentry","category-geral"],"_links":{"self":[{"href":"https:\/\/cafecommessias.com.br\/index.php?rest_route=\/wp\/v2\/posts\/10276","targetHints":{"allow":["GET"]}}],"collection":[{"href":"https:\/\/cafecommessias.com.br\/index.php?rest_route=\/wp\/v2\/posts"}],"about":[{"href":"https:\/\/cafecommessias.com.br\/index.php?rest_route=\/wp\/v2\/types\/post"}],"author":[{"embeddable":true,"href":"https:\/\/cafecommessias.com.br\/index.php?rest_route=\/wp\/v2\/users\/1"}],"replies":[{"embeddable":true,"href":"https:\/\/cafecommessias.com.br\/index.php?rest_route=%2Fwp%2Fv2%2Fcomments&post=10276"}],"version-history":[{"count":1,"href":"https:\/\/cafecommessias.com.br\/index.php?rest_route=\/wp\/v2\/posts\/10276\/revisions"}],"predecessor-version":[{"id":10278,"href":"https:\/\/cafecommessias.com.br\/index.php?rest_route=\/wp\/v2\/posts\/10276\/revisions\/10278"}],"wp:featuredmedia":[{"embeddable":true,"href":"https:\/\/cafecommessias.com.br\/index.php?rest_route=\/wp\/v2\/media\/10277"}],"wp:attachment":[{"href":"https:\/\/cafecommessias.com.br\/index.php?rest_route=%2Fwp%2Fv2%2Fmedia&parent=10276"}],"wp:term":[{"taxonomy":"category","embeddable":true,"href":"https:\/\/cafecommessias.com.br\/index.php?rest_route=%2Fwp%2Fv2%2Fcategories&post=10276"},{"taxonomy":"post_tag","embeddable":true,"href":"https:\/\/cafecommessias.com.br\/index.php?rest_route=%2Fwp%2Fv2%2Ftags&post=10276"}],"curies":[{"name":"wp","href":"https:\/\/api.w.org\/{rel}","templated":true}]}}