{"id":10300,"date":"2026-03-21T12:39:26","date_gmt":"2026-03-21T15:39:26","guid":{"rendered":"https:\/\/cafecommessias.com.br\/?p=10300"},"modified":"2026-03-21T12:39:40","modified_gmt":"2026-03-21T15:39:40","slug":"sem-acordo-vetos-ao-pl-da-dosimetria-devem-ficar-para-depois-das-eleicoes","status":"publish","type":"post","link":"https:\/\/cafecommessias.com.br\/?p=10300","title":{"rendered":"Sem acordo, vetos ao PL da Dosimetria devem ficar para depois das elei\u00e7\u00f5es"},"content":{"rendered":"\n<p>Sem consenso entre parlamentares, a an\u00e1lise dos&nbsp;<a href=\"https:\/\/www.blogdobg.com.br\/lula-nao-quer-paz-diz-flavio-bolsonaro-apos-veto-ao-pl-da-dosimetria\/\">vetos do presidente&nbsp;Lula (PT)<\/a>&nbsp;ao chamado PL da Dosimetria deve ser adiada para depois das elei\u00e7\u00f5es de 2026. A tentativa de acordo entre integrantes do Centr\u00e3o e parlamentares ligados ao bolsonarismo n\u00e3o avan\u00e7ou, segundo relatos de bastidores.<\/p>\n\n\n\n<p>De acordo com parlamentares ouvidos pela imprensa, lideran\u00e7as do Centr\u00e3o tentaram costurar um entendimento para votar os vetos em troca da redu\u00e7\u00e3o da press\u00e3o pela instala\u00e7\u00e3o de uma CPI relacionada ao caso Banco Master. A proposta, no entanto, n\u00e3o teve ades\u00e3o suficiente.<\/p>\n\n\n\n<p>Um dos envolvidos nas articula\u00e7\u00f5es foi o deputado&nbsp;Paulinho da For\u00e7a, que relatou o projeto na C\u00e2mara. Segundo apura\u00e7\u00e3o, ele teria dialogado com&nbsp;<a href=\"https:\/\/assets.blogdobg.com.br\/uploads\/2026\/03\/Plenario-STF-Foto-ANtonio-Augusto-STF.jpeg\">lideran\u00e7as como&nbsp;Valdemar Costa Neto&nbsp;e o senador&nbsp;Rog\u00e9rio Marinho<\/a>, al\u00e9m de mencionar o nome do presidente do Senado,&nbsp;Davi Alcolumbre, nas negocia\u00e7\u00f5es.<\/p>\n\n\n\n<p>Ainda segundo interlocutores, a proposta n\u00e3o avan\u00e7ou ap\u00f3s resist\u00eancia de integrantes do PL, que teriam apontado dificuldades em controlar a posi\u00e7\u00e3o da bancada sobre investiga\u00e7\u00f5es envolvendo o caso. Diante do impasse, a avalia\u00e7\u00e3o \u00e9 de que o tema deve permanecer sem delibera\u00e7\u00e3o no Congresso.<\/p>\n\n\n\n<p>Em declara\u00e7\u00e3o p\u00fablica no Senado, Alcolumbre negou qualquer participa\u00e7\u00e3o em negocia\u00e7\u00e3o desse tipo. \u201cNunca tratei com o presidente Valdemar da Costa Neto sobre vota\u00e7\u00e3o de vetos ou CPI\u201d, afirmou, durante sess\u00e3o na \u00faltima quarta-feira (18), conforme registro oficial.<\/p>\n\n\n<div class=\"wp-block-post-author\"><div class=\"wp-block-post-author__avatar\"><img alt='' src='https:\/\/secure.gravatar.com\/avatar\/a62bcf199877d37056dc55ccc32b6decbd05abb46ce616ef4c38b16491e4d91d?s=48&#038;r=g' srcset='https:\/\/secure.gravatar.com\/avatar\/a62bcf199877d37056dc55ccc32b6decbd05abb46ce616ef4c38b16491e4d91d?s=96&#038;r=g 2x' class='avatar avatar-48 photo' height='48' width='48' \/><\/div><div class=\"wp-block-post-author__content\"><p class=\"wp-block-post-author__name\">Blogcafecommessias<\/p><\/div><\/div>\n\n\n<p class=\"has-text-align-center\"><strong><em>PUBLICIDADE<\/em><\/strong><\/p>\n\n\n\n<figure class=\"wp-block-image size-full\"><img loading=\"lazy\" decoding=\"async\" width=\"970\" height=\"250\" src=\"https:\/\/cafecommessias.com.br\/wp-content\/uploads\/2026\/03\/Lixo-nas-Ruas_970x250.png\" alt=\"\" class=\"wp-image-10246\" srcset=\"https:\/\/cafecommessias.com.br\/wp-content\/uploads\/2026\/03\/Lixo-nas-Ruas_970x250.png 970w, https:\/\/cafecommessias.com.br\/wp-content\/uploads\/2026\/03\/Lixo-nas-Ruas_970x250-300x77.png 300w, https:\/\/cafecommessias.com.br\/wp-content\/uploads\/2026\/03\/Lixo-nas-Ruas_970x250-768x198.png 768w\" sizes=\"auto, (max-width: 970px) 100vw, 970px\" \/><\/figure>\n","protected":false},"excerpt":{"rendered":"<p>Sem consenso entre parlamentares, a an\u00e1lise dos&nbsp;vetos do presidente&nbsp;Lula (PT)&nbsp;ao chamado PL da Dosimetria deve ser adiada para depois das elei\u00e7\u00f5es de 2026. A tentativa de acordo entre integrantes do Centr\u00e3o e parlamentares ligados ao bolsonarismo n\u00e3o avan\u00e7ou, segundo relatos de bastidores. De acordo com parlamentares ouvidos pela imprensa, lideran\u00e7as do Centr\u00e3o tentaram costurar um&#8230;<\/p>\n","protected":false},"author":1,"featured_media":10301,"comment_status":"open","ping_status":"closed","sticky":false,"template":"","format":"standard","meta":{"footnotes":""},"categories":[4,6],"tags":[],"class_list":["post-10300","post","type-post","status-publish","format-standard","has-post-thumbnail","hentry","category-anuncie-aqui","category-politica"],"_links":{"self":[{"href":"https:\/\/cafecommessias.com.br\/index.php?rest_route=\/wp\/v2\/posts\/10300","targetHints":{"allow":["GET"]}}],"collection":[{"href":"https:\/\/cafecommessias.com.br\/index.php?rest_route=\/wp\/v2\/posts"}],"about":[{"href":"https:\/\/cafecommessias.com.br\/index.php?rest_route=\/wp\/v2\/types\/post"}],"author":[{"embeddable":true,"href":"https:\/\/cafecommessias.com.br\/index.php?rest_route=\/wp\/v2\/users\/1"}],"replies":[{"embeddable":true,"href":"https:\/\/cafecommessias.com.br\/index.php?rest_route=%2Fwp%2Fv2%2Fcomments&post=10300"}],"version-history":[{"count":1,"href":"https:\/\/cafecommessias.com.br\/index.php?rest_route=\/wp\/v2\/posts\/10300\/revisions"}],"predecessor-version":[{"id":10302,"href":"https:\/\/cafecommessias.com.br\/index.php?rest_route=\/wp\/v2\/posts\/10300\/revisions\/10302"}],"wp:featuredmedia":[{"embeddable":true,"href":"https:\/\/cafecommessias.com.br\/index.php?rest_route=\/wp\/v2\/media\/10301"}],"wp:attachment":[{"href":"https:\/\/cafecommessias.com.br\/index.php?rest_route=%2Fwp%2Fv2%2Fmedia&parent=10300"}],"wp:term":[{"taxonomy":"category","embeddable":true,"href":"https:\/\/cafecommessias.com.br\/index.php?rest_route=%2Fwp%2Fv2%2Fcategories&post=10300"},{"taxonomy":"post_tag","embeddable":true,"href":"https:\/\/cafecommessias.com.br\/index.php?rest_route=%2Fwp%2Fv2%2Ftags&post=10300"}],"curies":[{"name":"wp","href":"https:\/\/api.w.org\/{rel}","templated":true}]}}