{"id":10304,"date":"2026-03-21T12:43:58","date_gmt":"2026-03-21T15:43:58","guid":{"rendered":"https:\/\/cafecommessias.com.br\/?p=10304"},"modified":"2026-03-21T12:44:23","modified_gmt":"2026-03-21T15:44:23","slug":"policia-captura-foragido-apontado-como-juiz-do-crime-do-pcc-no-rio-de-janeiro","status":"publish","type":"post","link":"https:\/\/cafecommessias.com.br\/?p=10304","title":{"rendered":"Pol\u00edcia captura foragido apontado como \u201cjuiz do crime\u201d do PCC no Rio de Janeiro"},"content":{"rendered":"\n<p>Um homem identificado como M\u00e1rcio Francisco Vicheti de Oliveira, conhecido como \u201cM\u00e1rcio Maracan\u00e3\u201d, foi preso nesta sexta-feira (20), em Vargem Pequena (RJ), durante uma a\u00e7\u00e3o conjunta das pol\u00edcias civis do Rio do Janeiro e de S\u00e3o Paulo. Segundo a PC, ele era considerado foragido da Justi\u00e7a paulista e \u00e9 investigado por liga\u00e7\u00e3o com a fac\u00e7\u00e3o criminosa Primeiro Comando da Capital (PCC).<\/p>\n\n\n\n<p>De acordo com as investiga\u00e7\u00f5es, o suspeito tinha quatro mandados de pris\u00e3o em aberto por crimes como homic\u00eddio, roubo e latroc\u00ednio. A captura foi realizada por agentes da 63\u00aa DP (Japeri), com apoio do Departamento Estadual de Investiga\u00e7\u00f5es Criminais (Deic) de SP, conforme informa\u00e7\u00f5es do Metr\u00f3poles.<\/p>\n\n\n\n<p>Segundo informa\u00e7\u00f5es de intelig\u00eancia da PCSP, ele exercia a fun\u00e7\u00e3o conhecida como \u201csintonia\u201d dentro da fac\u00e7\u00e3o, sendo apontado como respons\u00e1vel por decis\u00f5es relacionadas a execu\u00e7\u00f5es de desafetos, principalmente na comunidade de Parais\u00f3polis.<\/p>\n\n\n\n<p>O investigado possui extensa ficha criminal, com registros por porte ilegal de arma de fogo, falsidade ideol\u00f3gica e diversos homic\u00eddios. As autoridades apuram a poss\u00edvel participa\u00e7\u00e3o dele em outros crimes violentos na mesma regi\u00e3o.&nbsp;No momento da abordagem, o suspeito teria apresentado um documento falso, sendo autuado em flagrante por esse crime.<\/p>\n\n\n\n<p>De acordo com a pol\u00edcia paulista, o homem estava foragido desde 2019 e j\u00e1 havia passado pelo sistema prisional. As investiga\u00e7\u00f5es tamb\u00e9m apontam que ele \u00e9 citado em casos graves, incluindo a suspeita de envolvimento na morte de um agente penitenci\u00e1rio durante uma tentativa de fuga, o que ainda \u00e9 apurado pelas autoridades.<\/p>\n\n\n\n<p class=\"has-text-align-center\"><strong><em>PUBLICIDADE<\/em><\/strong><\/p>\n\n\n\n<figure class=\"wp-block-image size-full\"><img loading=\"lazy\" decoding=\"async\" width=\"970\" height=\"250\" src=\"https:\/\/cafecommessias.com.br\/wp-content\/uploads\/2026\/03\/Banner-1-ANO-970x250px-1.png\" alt=\"\" class=\"wp-image-10216\" srcset=\"https:\/\/cafecommessias.com.br\/wp-content\/uploads\/2026\/03\/Banner-1-ANO-970x250px-1.png 970w, https:\/\/cafecommessias.com.br\/wp-content\/uploads\/2026\/03\/Banner-1-ANO-970x250px-1-300x77.png 300w, https:\/\/cafecommessias.com.br\/wp-content\/uploads\/2026\/03\/Banner-1-ANO-970x250px-1-768x198.png 768w\" sizes=\"auto, (max-width: 970px) 100vw, 970px\" \/><\/figure>\n","protected":false},"excerpt":{"rendered":"<p>Um homem identificado como M\u00e1rcio Francisco Vicheti de Oliveira, conhecido como \u201cM\u00e1rcio Maracan\u00e3\u201d, foi preso nesta sexta-feira (20), em Vargem Pequena (RJ), durante uma a\u00e7\u00e3o conjunta das pol\u00edcias civis do Rio do Janeiro e de S\u00e3o Paulo. Segundo a PC, ele era considerado foragido da Justi\u00e7a paulista e \u00e9 investigado por liga\u00e7\u00e3o com a fac\u00e7\u00e3o&#8230;<\/p>\n","protected":false},"author":1,"featured_media":10305,"comment_status":"open","ping_status":"open","sticky":false,"template":"","format":"standard","meta":{"footnotes":""},"categories":[4],"tags":[],"class_list":["post-10304","post","type-post","status-publish","format-standard","has-post-thumbnail","hentry","category-anuncie-aqui"],"_links":{"self":[{"href":"https:\/\/cafecommessias.com.br\/index.php?rest_route=\/wp\/v2\/posts\/10304","targetHints":{"allow":["GET"]}}],"collection":[{"href":"https:\/\/cafecommessias.com.br\/index.php?rest_route=\/wp\/v2\/posts"}],"about":[{"href":"https:\/\/cafecommessias.com.br\/index.php?rest_route=\/wp\/v2\/types\/post"}],"author":[{"embeddable":true,"href":"https:\/\/cafecommessias.com.br\/index.php?rest_route=\/wp\/v2\/users\/1"}],"replies":[{"embeddable":true,"href":"https:\/\/cafecommessias.com.br\/index.php?rest_route=%2Fwp%2Fv2%2Fcomments&post=10304"}],"version-history":[{"count":2,"href":"https:\/\/cafecommessias.com.br\/index.php?rest_route=\/wp\/v2\/posts\/10304\/revisions"}],"predecessor-version":[{"id":10308,"href":"https:\/\/cafecommessias.com.br\/index.php?rest_route=\/wp\/v2\/posts\/10304\/revisions\/10308"}],"wp:featuredmedia":[{"embeddable":true,"href":"https:\/\/cafecommessias.com.br\/index.php?rest_route=\/wp\/v2\/media\/10305"}],"wp:attachment":[{"href":"https:\/\/cafecommessias.com.br\/index.php?rest_route=%2Fwp%2Fv2%2Fmedia&parent=10304"}],"wp:term":[{"taxonomy":"category","embeddable":true,"href":"https:\/\/cafecommessias.com.br\/index.php?rest_route=%2Fwp%2Fv2%2Fcategories&post=10304"},{"taxonomy":"post_tag","embeddable":true,"href":"https:\/\/cafecommessias.com.br\/index.php?rest_route=%2Fwp%2Fv2%2Ftags&post=10304"}],"curies":[{"name":"wp","href":"https:\/\/api.w.org\/{rel}","templated":true}]}}