{"id":10309,"date":"2026-03-21T12:50:32","date_gmt":"2026-03-21T15:50:32","guid":{"rendered":"https:\/\/cafecommessias.com.br\/?p=10309"},"modified":"2026-03-21T12:55:04","modified_gmt":"2026-03-21T15:55:04","slug":"atlasintel-60-dos-brasileiros-nao-confiam-no-stf-aponta-pesquisa","status":"publish","type":"post","link":"https:\/\/cafecommessias.com.br\/?p=10309","title":{"rendered":"AtlasIntel: 60% dos brasileiros n\u00e3o confiam no STF, aponta pesquisa"},"content":{"rendered":"\n<p>Uma pesquisa AtlasIntel, realizada em parceria com o&nbsp;Estad\u00e3o&nbsp;e divulgada nesta sexta-feira (20), mostra que 60% dos brasileiros afirmam n\u00e3o confiar no&nbsp;STF. Outros 34% dizem confiar na Corte, enquanto 4% n\u00e3o souberam ou n\u00e3o responderam. Segundo o levantamento, o \u00edndice de desconfian\u00e7a \u00e9 o mais alto da s\u00e9rie hist\u00f3rica.<\/p>\n\n\n\n<p>De acordo com a pesquisa, houve uma queda significativa na confian\u00e7a ao longo dos \u00faltimos anos. Em janeiro de 2023, 45% dos entrevistados afirmavam confiar no STF, contra 44% que declaravam desconfian\u00e7a. O estudo aponta que o n\u00edvel atual representa um aumento de 15 pontos percentuais na rejei\u00e7\u00e3o desde ent\u00e3o.<\/p>\n\n\n\n<p>A pesquisa AtlasIntel ouviu 2.090 pessoas entre os dias 16 e 19 de mar\u00e7o. A margem de erro \u00e9 de dois pontos percentuais, para mais ou para menos, segundo o instituto respons\u00e1vel pelo levantamento.<\/p>\n\n\n\n<figure class=\"wp-block-image size-full\"><img loading=\"lazy\" decoding=\"async\" width=\"475\" height=\"558\" src=\"https:\/\/cafecommessias.com.br\/wp-content\/uploads\/2026\/03\/confianca-no-stf.jpeg\" alt=\"\" class=\"wp-image-10310\" srcset=\"https:\/\/cafecommessias.com.br\/wp-content\/uploads\/2026\/03\/confianca-no-stf.jpeg 475w, https:\/\/cafecommessias.com.br\/wp-content\/uploads\/2026\/03\/confianca-no-stf-255x300.jpeg 255w\" sizes=\"auto, (max-width: 475px) 100vw, 475px\" \/><\/figure>\n\n\n\n<p class=\"has-text-align-center\"><strong><em>Foto: Divulga\u00e7\u00e3o\/AtlasIntel<\/em><\/strong><\/p>\n\n\n\n<h4 class=\"wp-block-heading\">Imagem dos ministros piora, diz levantamento<\/h4>\n\n\n\n<p>O levantamento tamb\u00e9m avaliou a percep\u00e7\u00e3o p\u00fablica sobre os ministros da Corte. Segundo a AtlasIntel, a maioria registrou piora na imagem. O ministro&nbsp;Dias Toffoli&nbsp;aparece como o mais rejeitado, com 81% de avalia\u00e7\u00e3o negativa.<\/p>\n\n\n\n<p>Na sequ\u00eancia, aparecem&nbsp;Gilmar Mendes, com 67%, e&nbsp;Alexandre de Moraes, com 59% de imagem negativa. J\u00e1 o ministro&nbsp;Andr\u00e9 Mendon\u00e7a&nbsp;\u00e9 apontado como exce\u00e7\u00e3o, sendo o \u00fanico com melhora na avalia\u00e7\u00e3o, segundo os dados do instituto.<\/p>\n\n\n\n<figure class=\"wp-block-image size-full\"><img loading=\"lazy\" decoding=\"async\" width=\"479\" height=\"576\" src=\"https:\/\/cafecommessias.com.br\/wp-content\/uploads\/2026\/03\/imagem-dos-ministros.jpeg\" alt=\"\" class=\"wp-image-10311\" srcset=\"https:\/\/cafecommessias.com.br\/wp-content\/uploads\/2026\/03\/imagem-dos-ministros.jpeg 479w, https:\/\/cafecommessias.com.br\/wp-content\/uploads\/2026\/03\/imagem-dos-ministros-249x300.jpeg 249w\" sizes=\"auto, (max-width: 479px) 100vw, 479px\" \/><\/figure>\n\n\n\n<p class=\"has-text-align-center\"><strong><em>Foto: Divulga\u00e7\u00e3o\/AtlasIntel<\/em><\/strong><\/p>\n\n\n\n<h4 class=\"wp-block-heading\">Avalia\u00e7\u00e3o da atua\u00e7\u00e3o do STF \u00e9 majoritariamente negativa<\/h4>\n\n\n\n<p>Segundo a pesquisa, 59,5% dos entrevistados avaliam que a maioria dos ministros do STF n\u00e3o demonstra compet\u00eancia e imparcialidade. Outros 34,9% t\u00eam avalia\u00e7\u00e3o positiva sobre a atua\u00e7\u00e3o da Corte.&nbsp;O levantamento tamb\u00e9m indica que a percep\u00e7\u00e3o negativa cresceu entre diferentes grupos da popula\u00e7\u00e3o.<\/p>\n\n\n\n<figure class=\"wp-block-image size-full\"><img loading=\"lazy\" decoding=\"async\" width=\"474\" height=\"547\" src=\"https:\/\/cafecommessias.com.br\/wp-content\/uploads\/2026\/03\/avaliacao-dostf.jpeg\" alt=\"\" class=\"wp-image-10312\" srcset=\"https:\/\/cafecommessias.com.br\/wp-content\/uploads\/2026\/03\/avaliacao-dostf.jpeg 474w, https:\/\/cafecommessias.com.br\/wp-content\/uploads\/2026\/03\/avaliacao-dostf-260x300.jpeg 260w\" sizes=\"auto, (max-width: 474px) 100vw, 474px\" \/><\/figure>\n\n\n\n<p class=\"has-text-align-center\"><strong><em>Foto: Divulga\u00e7\u00e3o\/AtlasIntel<\/em><\/strong><\/p>\n\n\n\n<h4 class=\"wp-block-heading\">Percep\u00e7\u00e3o de influ\u00eancia externa nos julgamentos<\/h4>\n\n\n\n<p>A pesquisa aponta ainda que 76,9% dos entrevistados acreditam que h\u00e1 muita influ\u00eancia de pol\u00edticos, partidos ou grupos nos julgamentos do STF. Outros 13% afirmam perceber algum grau de influ\u00eancia, enquanto 6,1% consideram que os processos ocorrem de forma adequada.<\/p>\n\n\n\n<p>De acordo com o levantamento, 66,1% tamb\u00e9m entendem que h\u00e1 envolvimento de ministros em quest\u00f5es relacionadas ao caso do Banco Master, tema citado na pesquisa. J\u00e1 53% afirmam que o processo n\u00e3o deveria ser julgado pela Corte, enquanto 36,9% defendem a perman\u00eancia do caso no STF.<\/p>\n\n\n<div class=\"wp-block-post-author\"><div class=\"wp-block-post-author__avatar\"><img alt='' src='https:\/\/secure.gravatar.com\/avatar\/a62bcf199877d37056dc55ccc32b6decbd05abb46ce616ef4c38b16491e4d91d?s=48&#038;r=g' srcset='https:\/\/secure.gravatar.com\/avatar\/a62bcf199877d37056dc55ccc32b6decbd05abb46ce616ef4c38b16491e4d91d?s=96&#038;r=g 2x' class='avatar avatar-48 photo' height='48' width='48' \/><\/div><div class=\"wp-block-post-author__content\"><p class=\"wp-block-post-author__name\">Blogcafecommessias<\/p><\/div><\/div>\n\n\n<p class=\"has-text-align-center\"><strong><em>PUBLICIDADE<\/em><\/strong><\/p>\n\n\n\n<figure class=\"wp-block-image size-full\"><img loading=\"lazy\" decoding=\"async\" width=\"970\" height=\"250\" src=\"https:\/\/cafecommessias.com.br\/wp-content\/uploads\/2026\/03\/Lixo-nas-Ruas_970x250.png\" alt=\"\" class=\"wp-image-10246\" srcset=\"https:\/\/cafecommessias.com.br\/wp-content\/uploads\/2026\/03\/Lixo-nas-Ruas_970x250.png 970w, https:\/\/cafecommessias.com.br\/wp-content\/uploads\/2026\/03\/Lixo-nas-Ruas_970x250-300x77.png 300w, https:\/\/cafecommessias.com.br\/wp-content\/uploads\/2026\/03\/Lixo-nas-Ruas_970x250-768x198.png 768w\" sizes=\"auto, (max-width: 970px) 100vw, 970px\" \/><\/figure>\n","protected":false},"excerpt":{"rendered":"<p>Uma pesquisa AtlasIntel, realizada em parceria com o&nbsp;Estad\u00e3o&nbsp;e divulgada nesta sexta-feira (20), mostra que 60% dos brasileiros afirmam n\u00e3o confiar no&nbsp;STF. Outros 34% dizem confiar na Corte, enquanto 4% n\u00e3o souberam ou n\u00e3o responderam. Segundo o levantamento, o \u00edndice de desconfian\u00e7a \u00e9 o mais alto da s\u00e9rie hist\u00f3rica. De acordo com a pesquisa, houve uma&#8230;<\/p>\n","protected":false},"author":1,"featured_media":10314,"comment_status":"open","ping_status":"closed","sticky":false,"template":"","format":"standard","meta":{"footnotes":""},"categories":[4,37],"tags":[],"class_list":["post-10309","post","type-post","status-publish","format-standard","has-post-thumbnail","hentry","category-anuncie-aqui","category-brasil"],"_links":{"self":[{"href":"https:\/\/cafecommessias.com.br\/index.php?rest_route=\/wp\/v2\/posts\/10309","targetHints":{"allow":["GET"]}}],"collection":[{"href":"https:\/\/cafecommessias.com.br\/index.php?rest_route=\/wp\/v2\/posts"}],"about":[{"href":"https:\/\/cafecommessias.com.br\/index.php?rest_route=\/wp\/v2\/types\/post"}],"author":[{"embeddable":true,"href":"https:\/\/cafecommessias.com.br\/index.php?rest_route=\/wp\/v2\/users\/1"}],"replies":[{"embeddable":true,"href":"https:\/\/cafecommessias.com.br\/index.php?rest_route=%2Fwp%2Fv2%2Fcomments&post=10309"}],"version-history":[{"count":1,"href":"https:\/\/cafecommessias.com.br\/index.php?rest_route=\/wp\/v2\/posts\/10309\/revisions"}],"predecessor-version":[{"id":10313,"href":"https:\/\/cafecommessias.com.br\/index.php?rest_route=\/wp\/v2\/posts\/10309\/revisions\/10313"}],"wp:featuredmedia":[{"embeddable":true,"href":"https:\/\/cafecommessias.com.br\/index.php?rest_route=\/wp\/v2\/media\/10314"}],"wp:attachment":[{"href":"https:\/\/cafecommessias.com.br\/index.php?rest_route=%2Fwp%2Fv2%2Fmedia&parent=10309"}],"wp:term":[{"taxonomy":"category","embeddable":true,"href":"https:\/\/cafecommessias.com.br\/index.php?rest_route=%2Fwp%2Fv2%2Fcategories&post=10309"},{"taxonomy":"post_tag","embeddable":true,"href":"https:\/\/cafecommessias.com.br\/index.php?rest_route=%2Fwp%2Fv2%2Ftags&post=10309"}],"curies":[{"name":"wp","href":"https:\/\/api.w.org\/{rel}","templated":true}]}}