{"id":10315,"date":"2026-03-21T12:56:50","date_gmt":"2026-03-21T15:56:50","guid":{"rendered":"https:\/\/cafecommessias.com.br\/?p=10315"},"modified":"2026-03-21T12:57:06","modified_gmt":"2026-03-21T15:57:06","slug":"advogado-roberto-podval-alega-conflito-de-interesse-para-ficar-fora-de-processo-de-delacao-de-vorcaro-clientes-e-amigos-que-poderao-ser-delatados","status":"publish","type":"post","link":"https:\/\/cafecommessias.com.br\/?p=10315","title":{"rendered":"Advogado Roberto Podval alega conflito de interesse para ficar fora de processo de dela\u00e7\u00e3o de Vorcaro: \u201cclientes e amigos que poder\u00e3o ser delatados\u201d"},"content":{"rendered":"\n<p>O advogado Roberto Podval disse \u00e0 CNN que n\u00e3o participar\u00e1 de um eventual acordo de dela\u00e7\u00e3o premiada envolvendo o ex-banqueiro Daniel Vorcaro, apesar de garantir que continuar\u00e1 atuando na defesa do investigado.<\/p>\n\n\n\n<p>\u201cTenho v\u00e1rios clientes e amigos que, eventualmente, poder\u00e3o ser delatados. Estarei conflitado\u201d, declarou Podval.<\/p>\n\n\n\n<p>Apesar disso, a decis\u00e3o, n\u00e3o significa um rompimento com Vorcaro, que desde a crise do Banco Master, perdeu dois advogados contr\u00e1rios \u00e0 tese da dela\u00e7\u00e3o: Walfrido Warde e Pierpaolo Bottini.<\/p>\n\n\n\n<p>\u201cContinuarei com Vorcaro, mas n\u00e3o participarei da dela\u00e7\u00e3o\u201d, prosseguiu.<\/p>\n\n\n\n<p>Pierpaolo foi substitu\u00eddo por Jos\u00e9 Lu\u00eds Oliveira Lima, conhecido como \u201cJuca\u201d, que j\u00e1 atuou em casos de grande repercuss\u00e3o nacional. Entre clientes defendidos, anteriormente, por ele, est\u00e3o o ex-ministro Jos\u00e9 Dirceu (PT) no processo do mensal\u00e3o, o doleiro Alberto Youssef na Lava-Jato, o ex-presidente da Caixa Econ\u00f4mica Federal Pedro Guimar\u00e3es e o general Walter Braga Netto, ex-ministro de Jair Bolsonaro (PL), condenado pela trama golpista.<\/p>\n\n\n\n<p>A autoriza\u00e7\u00e3o, desta quinta (19), que permitiu a transfer\u00eancia de Vorcaro para a Superintend\u00eancia da Pol\u00edcia Federal no DF, sinalizou um avan\u00e7o sobre as negocia\u00e7\u00f5es de uma colabora\u00e7\u00e3o. O empres\u00e1rio j\u00e1 assinou um termo de confidencialidade, etapa preliminar comum antes do in\u00edcio formal de uma dela\u00e7\u00e3o premiada.<\/p>\n\n\n\n<p>As indica\u00e7\u00f5es que saem dos gabinetes do STF (Supremo Tribunal Federal), PGR (Procuradoria-Geral da Rep\u00fablica) e PF (Pol\u00edcia Federal) s\u00e3o as de que as negocia\u00e7\u00f5es sobre uma colabora\u00e7\u00e3o podem estar em fase avan\u00e7ada.<\/p>\n\n\n\n<p>A CNN apurou que o ministro Andr\u00e9 Mendon\u00e7a sinalizou que rejeitaria um acordo de dela\u00e7\u00e3o \u201cpela metade\u201d, visando apenas pol\u00edticos e deixando ministros do pr\u00f3prio STF para um segundo momento.<\/p>\n\n\n\n<p><em><sub>Por CNN Brasil<\/sub><\/em><\/p>\n\n\n\n<p class=\"has-text-align-center\"><strong><em>PUBLICIDADE<\/em><\/strong><\/p>\n\n\n\n<figure class=\"wp-block-image size-full\"><img loading=\"lazy\" decoding=\"async\" width=\"970\" height=\"250\" src=\"https:\/\/cafecommessias.com.br\/wp-content\/uploads\/2026\/03\/BANNER-ANIMADO-UNIMED.gif\" alt=\"\" class=\"wp-image-10210\"\/><\/figure>\n","protected":false},"excerpt":{"rendered":"<p>O advogado Roberto Podval disse \u00e0 CNN que n\u00e3o participar\u00e1 de um eventual acordo de dela\u00e7\u00e3o premiada envolvendo o ex-banqueiro Daniel Vorcaro, apesar de garantir que continuar\u00e1 atuando na defesa do investigado. \u201cTenho v\u00e1rios clientes e amigos que, eventualmente, poder\u00e3o ser delatados. Estarei conflitado\u201d, declarou Podval. Apesar disso, a decis\u00e3o, n\u00e3o significa um rompimento com&#8230;<\/p>\n","protected":false},"author":1,"featured_media":10316,"comment_status":"open","ping_status":"closed","sticky":false,"template":"","format":"standard","meta":{"footnotes":""},"categories":[4,39],"tags":[],"class_list":["post-10315","post","type-post","status-publish","format-standard","has-post-thumbnail","hentry","category-anuncie-aqui","category-justica"],"_links":{"self":[{"href":"https:\/\/cafecommessias.com.br\/index.php?rest_route=\/wp\/v2\/posts\/10315","targetHints":{"allow":["GET"]}}],"collection":[{"href":"https:\/\/cafecommessias.com.br\/index.php?rest_route=\/wp\/v2\/posts"}],"about":[{"href":"https:\/\/cafecommessias.com.br\/index.php?rest_route=\/wp\/v2\/types\/post"}],"author":[{"embeddable":true,"href":"https:\/\/cafecommessias.com.br\/index.php?rest_route=\/wp\/v2\/users\/1"}],"replies":[{"embeddable":true,"href":"https:\/\/cafecommessias.com.br\/index.php?rest_route=%2Fwp%2Fv2%2Fcomments&post=10315"}],"version-history":[{"count":1,"href":"https:\/\/cafecommessias.com.br\/index.php?rest_route=\/wp\/v2\/posts\/10315\/revisions"}],"predecessor-version":[{"id":10317,"href":"https:\/\/cafecommessias.com.br\/index.php?rest_route=\/wp\/v2\/posts\/10315\/revisions\/10317"}],"wp:featuredmedia":[{"embeddable":true,"href":"https:\/\/cafecommessias.com.br\/index.php?rest_route=\/wp\/v2\/media\/10316"}],"wp:attachment":[{"href":"https:\/\/cafecommessias.com.br\/index.php?rest_route=%2Fwp%2Fv2%2Fmedia&parent=10315"}],"wp:term":[{"taxonomy":"category","embeddable":true,"href":"https:\/\/cafecommessias.com.br\/index.php?rest_route=%2Fwp%2Fv2%2Fcategories&post=10315"},{"taxonomy":"post_tag","embeddable":true,"href":"https:\/\/cafecommessias.com.br\/index.php?rest_route=%2Fwp%2Fv2%2Ftags&post=10315"}],"curies":[{"name":"wp","href":"https:\/\/api.w.org\/{rel}","templated":true}]}}