{"id":10318,"date":"2026-03-21T13:00:04","date_gmt":"2026-03-21T16:00:04","guid":{"rendered":"https:\/\/cafecommessias.com.br\/?p=10318"},"modified":"2026-03-21T13:00:04","modified_gmt":"2026-03-21T16:00:04","slug":"bibi-ivan-e-antonio-jacome-assinam-ficha-de-filiacao-ao-mdb","status":"publish","type":"post","link":"https:\/\/cafecommessias.com.br\/?p=10318","title":{"rendered":"Bibi, Ivan e Ant\u00f4nio J\u00e1come assinam ficha de filia\u00e7\u00e3o ao MDB"},"content":{"rendered":"\n<p>O Movimento Democr\u00e1tico Brasileiro no Rio Grande do Norte (MDB-RN) oficializou, nesta sexta-feira (20), a filia\u00e7\u00e3o de tr\u00eas importantes lideran\u00e7as pol\u00edticas do estado: Josivan Bibiano, Ivan J\u00fanior e Ant\u00f4nio J\u00e1come. As fichas de filia\u00e7\u00e3o foram assinadas durante reuni\u00e3o conduzida pelo presidente estadual do partido e pr\u00e9-candidato a deputado estadual, Walter Alves.<\/p>\n\n\n\n<p>O ato contou com a presen\u00e7a do prefeito de Mossor\u00f3 e pr\u00e9-candidato ao Governo do Estado, Allyson Bezerra, refor\u00e7ando o momento de articula\u00e7\u00e3o e fortalecimento do MDB com vistas \u00e0s Elei\u00e7\u00f5es 2026. Bibi, Ivan e J\u00e1come tamb\u00e9m s\u00e3o pr\u00e9-candidatos a deputado estadual.<\/p>\n\n\n\n<p>Josivan Bibiano, que foi prefeito de Serra do Mel por quatro mandatos, chega para ampliar a presen\u00e7a do partido na regi\u00e3o Oeste. J\u00e1 Ivan J\u00fanior, ex-prefeito de Ass\u00fa por dois mandatos e ex-presidente da Femurn, agrega experi\u00eancia administrativa e forte di\u00e1logo com os munic\u00edpios. Ant\u00f4nio J\u00e1come, por sua vez, traz ao MDB uma trajet\u00f3ria consolidada, com atua\u00e7\u00e3o como deputado estadual, deputado federal e ex-vice-governador do Rio Grande do Norte.<\/p>\n\n\n\n<p>Com as novas filia\u00e7\u00f5es, o MDB segue avan\u00e7ando na forma\u00e7\u00e3o de uma nominata competitiva para deputado estadual, reunindo nomes com experi\u00eancia, representatividade e capilaridade em diferentes regi\u00f5es do estado.<\/p>\n\n\n\n<p class=\"has-text-align-center\"><strong><em>PUBLICIDADE<\/em><\/strong><\/p>\n\n\n\n<figure class=\"wp-block-image size-large\"><img loading=\"lazy\" decoding=\"async\" width=\"1024\" height=\"197\" src=\"https:\/\/cafecommessias.com.br\/wp-content\/uploads\/2026\/03\/Banner_Seguranca_Transformada_1300x250px-5-1024x197.gif\" alt=\"\" class=\"wp-image-10251\" srcset=\"https:\/\/cafecommessias.com.br\/wp-content\/uploads\/2026\/03\/Banner_Seguranca_Transformada_1300x250px-5-1024x197.gif 1024w, https:\/\/cafecommessias.com.br\/wp-content\/uploads\/2026\/03\/Banner_Seguranca_Transformada_1300x250px-5-300x58.gif 300w, https:\/\/cafecommessias.com.br\/wp-content\/uploads\/2026\/03\/Banner_Seguranca_Transformada_1300x250px-5-768x148.gif 768w\" sizes=\"auto, (max-width: 1024px) 100vw, 1024px\" \/><\/figure>\n","protected":false},"excerpt":{"rendered":"<p>O Movimento Democr\u00e1tico Brasileiro no Rio Grande do Norte (MDB-RN) oficializou, nesta sexta-feira (20), a filia\u00e7\u00e3o de tr\u00eas importantes lideran\u00e7as pol\u00edticas do estado: Josivan Bibiano, Ivan J\u00fanior e Ant\u00f4nio J\u00e1come. As fichas de filia\u00e7\u00e3o foram assinadas durante reuni\u00e3o conduzida pelo presidente estadual do partido e pr\u00e9-candidato a deputado estadual, Walter Alves. O ato contou com&#8230;<\/p>\n","protected":false},"author":1,"featured_media":10319,"comment_status":"open","ping_status":"open","sticky":false,"template":"","format":"standard","meta":{"footnotes":""},"categories":[4],"tags":[],"class_list":["post-10318","post","type-post","status-publish","format-standard","has-post-thumbnail","hentry","category-anuncie-aqui"],"_links":{"self":[{"href":"https:\/\/cafecommessias.com.br\/index.php?rest_route=\/wp\/v2\/posts\/10318","targetHints":{"allow":["GET"]}}],"collection":[{"href":"https:\/\/cafecommessias.com.br\/index.php?rest_route=\/wp\/v2\/posts"}],"about":[{"href":"https:\/\/cafecommessias.com.br\/index.php?rest_route=\/wp\/v2\/types\/post"}],"author":[{"embeddable":true,"href":"https:\/\/cafecommessias.com.br\/index.php?rest_route=\/wp\/v2\/users\/1"}],"replies":[{"embeddable":true,"href":"https:\/\/cafecommessias.com.br\/index.php?rest_route=%2Fwp%2Fv2%2Fcomments&post=10318"}],"version-history":[{"count":1,"href":"https:\/\/cafecommessias.com.br\/index.php?rest_route=\/wp\/v2\/posts\/10318\/revisions"}],"predecessor-version":[{"id":10320,"href":"https:\/\/cafecommessias.com.br\/index.php?rest_route=\/wp\/v2\/posts\/10318\/revisions\/10320"}],"wp:featuredmedia":[{"embeddable":true,"href":"https:\/\/cafecommessias.com.br\/index.php?rest_route=\/wp\/v2\/media\/10319"}],"wp:attachment":[{"href":"https:\/\/cafecommessias.com.br\/index.php?rest_route=%2Fwp%2Fv2%2Fmedia&parent=10318"}],"wp:term":[{"taxonomy":"category","embeddable":true,"href":"https:\/\/cafecommessias.com.br\/index.php?rest_route=%2Fwp%2Fv2%2Fcategories&post=10318"},{"taxonomy":"post_tag","embeddable":true,"href":"https:\/\/cafecommessias.com.br\/index.php?rest_route=%2Fwp%2Fv2%2Ftags&post=10318"}],"curies":[{"name":"wp","href":"https:\/\/api.w.org\/{rel}","templated":true}]}}