{"id":10321,"date":"2026-03-21T13:03:39","date_gmt":"2026-03-21T16:03:39","guid":{"rendered":"https:\/\/cafecommessias.com.br\/?p=10321"},"modified":"2026-03-21T13:03:51","modified_gmt":"2026-03-21T16:03:51","slug":"dada-costa-apresenta-cachaca-samanau-sabor-limao-e-amplia-linha-de-produtos-do-alambique","status":"publish","type":"post","link":"https:\/\/cafecommessias.com.br\/?p=10321","title":{"rendered":"Dad\u00e1 Costa apresenta cacha\u00e7a Samana\u00fa sabor LIM\u00c3O e amplia linha de produtos do alambique"},"content":{"rendered":"\n<p>Com trilha animada de Jiulian Monte e Hugo e Heitor, o empres\u00e1rio Dad\u00e1 Costa, CEO da Samana\u00fa, apresentou ao p\u00fablico a linha de produtos do tradicional alambique sediado em Caic\u00f3, no cora\u00e7\u00e3o do Serid\u00f3.<\/p>\n\n\n\n<p>Durante a apresenta\u00e7\u00e3o, Dad\u00e1 destacou a novidade da marca: a cacha\u00e7a Samana\u00fa sabor lim\u00e3o, ampliando o portf\u00f3lio de uma bebida j\u00e1 reconhecida pela qualidade e produ\u00e7\u00e3o org\u00e2nica.<\/p>\n\n\n\n<p>Embalada por versos que exaltam a terra de Sant\u2019Ana e o orgulho regional, a Samana\u00fa refor\u00e7a sua identidade como um produto genuinamente nordestino, unindo tradi\u00e7\u00e3o, inova\u00e7\u00e3o e forte apelo cultural.<\/p>\n\n\n<div class=\"wp-block-post-author\"><div class=\"wp-block-post-author__avatar\"><img alt='' src='https:\/\/secure.gravatar.com\/avatar\/a62bcf199877d37056dc55ccc32b6decbd05abb46ce616ef4c38b16491e4d91d?s=48&#038;r=g' srcset='https:\/\/secure.gravatar.com\/avatar\/a62bcf199877d37056dc55ccc32b6decbd05abb46ce616ef4c38b16491e4d91d?s=96&#038;r=g 2x' class='avatar avatar-48 photo' height='48' width='48' \/><\/div><div class=\"wp-block-post-author__content\"><p class=\"wp-block-post-author__name\">Blogcafecommessias<\/p><\/div><\/div>\n\n\n<p class=\"has-text-align-center\"><strong><em>PUBLICIDADE<\/em><\/strong><\/p>\n\n\n\n<figure class=\"wp-block-image size-full\"><img loading=\"lazy\" decoding=\"async\" width=\"970\" height=\"250\" src=\"https:\/\/cafecommessias.com.br\/wp-content\/uploads\/2026\/03\/Lixo-nas-Ruas_970x250.png\" alt=\"\" class=\"wp-image-10246\" srcset=\"https:\/\/cafecommessias.com.br\/wp-content\/uploads\/2026\/03\/Lixo-nas-Ruas_970x250.png 970w, https:\/\/cafecommessias.com.br\/wp-content\/uploads\/2026\/03\/Lixo-nas-Ruas_970x250-300x77.png 300w, https:\/\/cafecommessias.com.br\/wp-content\/uploads\/2026\/03\/Lixo-nas-Ruas_970x250-768x198.png 768w\" sizes=\"auto, (max-width: 970px) 100vw, 970px\" \/><\/figure>\n","protected":false},"excerpt":{"rendered":"<p>Com trilha animada de Jiulian Monte e Hugo e Heitor, o empres\u00e1rio Dad\u00e1 Costa, CEO da Samana\u00fa, apresentou ao p\u00fablico a linha de produtos do tradicional alambique sediado em Caic\u00f3, no cora\u00e7\u00e3o do Serid\u00f3. Durante a apresenta\u00e7\u00e3o, Dad\u00e1 destacou a novidade da marca: a cacha\u00e7a Samana\u00fa sabor lim\u00e3o, ampliando o portf\u00f3lio de uma bebida j\u00e1&#8230;<\/p>\n","protected":false},"author":1,"featured_media":10322,"comment_status":"open","ping_status":"closed","sticky":false,"template":"","format":"standard","meta":{"footnotes":""},"categories":[4,3],"tags":[],"class_list":["post-10321","post","type-post","status-publish","format-standard","has-post-thumbnail","hentry","category-anuncie-aqui","category-geral"],"_links":{"self":[{"href":"https:\/\/cafecommessias.com.br\/index.php?rest_route=\/wp\/v2\/posts\/10321","targetHints":{"allow":["GET"]}}],"collection":[{"href":"https:\/\/cafecommessias.com.br\/index.php?rest_route=\/wp\/v2\/posts"}],"about":[{"href":"https:\/\/cafecommessias.com.br\/index.php?rest_route=\/wp\/v2\/types\/post"}],"author":[{"embeddable":true,"href":"https:\/\/cafecommessias.com.br\/index.php?rest_route=\/wp\/v2\/users\/1"}],"replies":[{"embeddable":true,"href":"https:\/\/cafecommessias.com.br\/index.php?rest_route=%2Fwp%2Fv2%2Fcomments&post=10321"}],"version-history":[{"count":1,"href":"https:\/\/cafecommessias.com.br\/index.php?rest_route=\/wp\/v2\/posts\/10321\/revisions"}],"predecessor-version":[{"id":10323,"href":"https:\/\/cafecommessias.com.br\/index.php?rest_route=\/wp\/v2\/posts\/10321\/revisions\/10323"}],"wp:featuredmedia":[{"embeddable":true,"href":"https:\/\/cafecommessias.com.br\/index.php?rest_route=\/wp\/v2\/media\/10322"}],"wp:attachment":[{"href":"https:\/\/cafecommessias.com.br\/index.php?rest_route=%2Fwp%2Fv2%2Fmedia&parent=10321"}],"wp:term":[{"taxonomy":"category","embeddable":true,"href":"https:\/\/cafecommessias.com.br\/index.php?rest_route=%2Fwp%2Fv2%2Fcategories&post=10321"},{"taxonomy":"post_tag","embeddable":true,"href":"https:\/\/cafecommessias.com.br\/index.php?rest_route=%2Fwp%2Fv2%2Ftags&post=10321"}],"curies":[{"name":"wp","href":"https:\/\/api.w.org\/{rel}","templated":true}]}}