{"id":10347,"date":"2026-03-21T14:23:26","date_gmt":"2026-03-21T17:23:26","guid":{"rendered":"https:\/\/cafecommessias.com.br\/?p=10347"},"modified":"2026-03-21T14:23:41","modified_gmt":"2026-03-21T17:23:41","slug":"voo-direto-entre-natal-e-montevideu-sera-inaugurado-neste-sabado-21","status":"publish","type":"post","link":"https:\/\/cafecommessias.com.br\/?p=10347","title":{"rendered":"Voo direto entre Natal e Montevid\u00e9u ser\u00e1 inaugurado neste s\u00e1bado (21)"},"content":{"rendered":"\n<p>A partir deste s\u00e1bado (21), o Rio Grande do Norte fica mais perto do Uruguai com a inaugura\u00e7\u00e3o do novo voo direto unindo Natal e Montevid\u00e9u. Operado pela Gol, a nova rota ter\u00e1 voos aos s\u00e1bados, em tr\u00eas per\u00edodos do ano: de 21\/03 a 04\/04, de 04\/07\/ a 25\/07 e de 05\/12 a 26\/12.<\/p>\n\n\n\n<p>O trecho de Natal para Montevid\u00e9u ter\u00e1 partida \u00e0s 16h20 e chegada \u00e0s 21h20, enquanto o trecho Montevid\u00e9u-Natal ter\u00e1 partida \u00e0s 22h15 e chegada \u00e0s 3h35. Ela se soma outras duas rotas da companhia que ligam Natal a aeroportos da Am\u00e9rica Latina \u2013 os de Ezeiza e do Aeroparque Jorge Newberry, na Argentina.<\/p>\n\n\n\n<p>Para intensificar a promo\u00e7\u00e3o do RN no Uruguai, a Emprotur fechou uma campanha cooperada com a 5M \u2013 um pool de operadoras de turismo \u2013 e vai capitanear nos dias 23 e 24 uma \u201cblitz\u201d nas ag\u00eancias uruguaias divulgado as belezas potiguares e experi\u00eancias \u00fanicas.<\/p>\n\n\n\n<p>\u201cAdesivamos uma van e visitaremos de ag\u00eancia em ag\u00eancia, conversando com operadores, distribuindo brindes e divulgando ainda mais a nova rota, que resolver\u00e1 um gargalo de conex\u00e3o historicamente demandado pelas operadoras e agentes de viagens, que recebem pedidos constantes por parte de seus clientes\u201d, explica Raoni Fernandes, presidente da Emprotur.<\/p>\n\n\n\n<p>A iniciativa contar\u00e1 com a participa\u00e7\u00e3o da ABIH RN e de hoteleiros associados, que ir\u00e3o integrar a agenda de visitas \u00e0s principais operadoras de turismo do Uruguai.<\/p>\n\n\n\n<p>A inaugura\u00e7\u00e3o da nova conex\u00e3o a\u00e9rea do Rio Grande do Norte ser\u00e1 neste s\u00e1bado, a partir das 14h, no Aeroporto de Natal e contar\u00e1 com a presen\u00e7a da governadora F\u00e1tima Bezerra, secret\u00e1rios de Estado, diretores da Embratur, da Gol Linhas A\u00e9reas, da Zurich Aiports e representantes do trade tur\u00edstico potiguar.<\/p>\n\n\n\n<p>Por TN<\/p>\n\n\n\n<p class=\"has-text-align-center\"><strong><em>PUBLICDADE<\/em><\/strong><\/p>\n\n\n\n<figure class=\"wp-block-image size-full\"><img loading=\"lazy\" decoding=\"async\" width=\"970\" height=\"250\" src=\"https:\/\/cafecommessias.com.br\/wp-content\/uploads\/2026\/03\/Lixo-nas-Ruas_970x250.png\" alt=\"\" class=\"wp-image-10246\" srcset=\"https:\/\/cafecommessias.com.br\/wp-content\/uploads\/2026\/03\/Lixo-nas-Ruas_970x250.png 970w, https:\/\/cafecommessias.com.br\/wp-content\/uploads\/2026\/03\/Lixo-nas-Ruas_970x250-300x77.png 300w, https:\/\/cafecommessias.com.br\/wp-content\/uploads\/2026\/03\/Lixo-nas-Ruas_970x250-768x198.png 768w\" sizes=\"auto, (max-width: 970px) 100vw, 970px\" \/><\/figure>\n","protected":false},"excerpt":{"rendered":"<p>A partir deste s\u00e1bado (21), o Rio Grande do Norte fica mais perto do Uruguai com a inaugura\u00e7\u00e3o do novo voo direto unindo Natal e Montevid\u00e9u. Operado pela Gol, a nova rota ter\u00e1 voos aos s\u00e1bados, em tr\u00eas per\u00edodos do ano: de 21\/03 a 04\/04, de 04\/07\/ a 25\/07 e de 05\/12 a 26\/12. O&#8230;<\/p>\n","protected":false},"author":1,"featured_media":10348,"comment_status":"open","ping_status":"closed","sticky":false,"template":"","format":"standard","meta":{"footnotes":""},"categories":[4,3],"tags":[],"class_list":["post-10347","post","type-post","status-publish","format-standard","has-post-thumbnail","hentry","category-anuncie-aqui","category-geral"],"_links":{"self":[{"href":"https:\/\/cafecommessias.com.br\/index.php?rest_route=\/wp\/v2\/posts\/10347","targetHints":{"allow":["GET"]}}],"collection":[{"href":"https:\/\/cafecommessias.com.br\/index.php?rest_route=\/wp\/v2\/posts"}],"about":[{"href":"https:\/\/cafecommessias.com.br\/index.php?rest_route=\/wp\/v2\/types\/post"}],"author":[{"embeddable":true,"href":"https:\/\/cafecommessias.com.br\/index.php?rest_route=\/wp\/v2\/users\/1"}],"replies":[{"embeddable":true,"href":"https:\/\/cafecommessias.com.br\/index.php?rest_route=%2Fwp%2Fv2%2Fcomments&post=10347"}],"version-history":[{"count":1,"href":"https:\/\/cafecommessias.com.br\/index.php?rest_route=\/wp\/v2\/posts\/10347\/revisions"}],"predecessor-version":[{"id":10349,"href":"https:\/\/cafecommessias.com.br\/index.php?rest_route=\/wp\/v2\/posts\/10347\/revisions\/10349"}],"wp:featuredmedia":[{"embeddable":true,"href":"https:\/\/cafecommessias.com.br\/index.php?rest_route=\/wp\/v2\/media\/10348"}],"wp:attachment":[{"href":"https:\/\/cafecommessias.com.br\/index.php?rest_route=%2Fwp%2Fv2%2Fmedia&parent=10347"}],"wp:term":[{"taxonomy":"category","embeddable":true,"href":"https:\/\/cafecommessias.com.br\/index.php?rest_route=%2Fwp%2Fv2%2Fcategories&post=10347"},{"taxonomy":"post_tag","embeddable":true,"href":"https:\/\/cafecommessias.com.br\/index.php?rest_route=%2Fwp%2Fv2%2Ftags&post=10347"}],"curies":[{"name":"wp","href":"https:\/\/api.w.org\/{rel}","templated":true}]}}