{"id":10350,"date":"2026-03-21T14:25:56","date_gmt":"2026-03-21T17:25:56","guid":{"rendered":"https:\/\/cafecommessias.com.br\/?p=10350"},"modified":"2026-03-21T14:29:57","modified_gmt":"2026-03-21T17:29:57","slug":"lider-da-oposicao-na-camara-flavio-sami-anuncia-apoio-a-alvaro-dias-e-movimenta-cenario-politico","status":"publish","type":"post","link":"https:\/\/cafecommessias.com.br\/?p=10350","title":{"rendered":"L\u00edder da oposi\u00e7\u00e3o na C\u00e2mara, Fl\u00e1vio Sami anuncia apoio a \u00c1lvaro Dias e movimenta cen\u00e1rio pol\u00edtico"},"content":{"rendered":"\n<p>Em Jo\u00e3o C\u00e2mara, o cen\u00e1rio pol\u00edtico come\u00e7a a ganhar novos contornos com a movimenta\u00e7\u00e3o de lideran\u00e7as locais. O vereador Fl\u00e1vio Sami, o mais votado nas elei\u00e7\u00f5es de 2024 e atual l\u00edder da oposi\u00e7\u00e3o na c\u00e2mara municipal, acompanhado do ex-prefeito Manoel Bernardo, oficializou apoio \u00e0 pr\u00e9-candidatura de \u00c1lvaro Dias ao Governo do Rio grande do Norte, tendo como vice o tamb\u00e9m pr\u00e9-candidato Bab\u00e1 Pereira.<\/p>\n\n\n\n<figure class=\"wp-block-image size-full\"><img loading=\"lazy\" decoding=\"async\" width=\"669\" height=\"353\" src=\"https:\/\/cafecommessias.com.br\/wp-content\/uploads\/2026\/03\/screenshot-1774088441982-1.jpg\" alt=\"\" class=\"wp-image-10355\" srcset=\"https:\/\/cafecommessias.com.br\/wp-content\/uploads\/2026\/03\/screenshot-1774088441982-1.jpg 669w, https:\/\/cafecommessias.com.br\/wp-content\/uploads\/2026\/03\/screenshot-1774088441982-1-300x158.jpg 300w\" sizes=\"auto, (max-width: 669px) 100vw, 669px\" \/><\/figure>\n\n\n\n<p>A declara\u00e7\u00e3o foi feita por meio de publica\u00e7\u00e3o nas redes sociais, onde Sami destacou o compromisso com a popula\u00e7\u00e3o e a responsabilidade assumida ap\u00f3s o resultado expressivo nas urnas. Em tom pol\u00edtico, o parlamentar refor\u00e7ou a necessidade de construir \u201cum novo tempo\u201d para o munic\u00edpio, pautado, segundo ele, em trabalho, respeito e resultados concretos.<\/p>\n\n\n\n<p class=\"has-text-align-center\"><strong><em>PUBLICIDADE<\/em><\/strong><\/p>\n\n\n\n<figure class=\"wp-block-image size-full\"><img loading=\"lazy\" decoding=\"async\" width=\"970\" height=\"250\" src=\"https:\/\/cafecommessias.com.br\/wp-content\/uploads\/2026\/03\/BANNER-ANIMADO-UNIMED.gif\" alt=\"\" class=\"wp-image-10210\"\/><\/figure>\n","protected":false},"excerpt":{"rendered":"<p>Em Jo\u00e3o C\u00e2mara, o cen\u00e1rio pol\u00edtico come\u00e7a a ganhar novos contornos com a movimenta\u00e7\u00e3o de lideran\u00e7as locais. O vereador Fl\u00e1vio Sami, o mais votado nas elei\u00e7\u00f5es de 2024 e atual l\u00edder da oposi\u00e7\u00e3o na c\u00e2mara municipal, acompanhado do ex-prefeito Manoel Bernardo, oficializou apoio \u00e0 pr\u00e9-candidatura de \u00c1lvaro Dias ao Governo do Rio grande do Norte,&#8230;<\/p>\n","protected":false},"author":1,"featured_media":10351,"comment_status":"open","ping_status":"closed","sticky":false,"template":"","format":"standard","meta":{"footnotes":""},"categories":[4,6],"tags":[],"class_list":["post-10350","post","type-post","status-publish","format-standard","has-post-thumbnail","hentry","category-anuncie-aqui","category-politica"],"_links":{"self":[{"href":"https:\/\/cafecommessias.com.br\/index.php?rest_route=\/wp\/v2\/posts\/10350","targetHints":{"allow":["GET"]}}],"collection":[{"href":"https:\/\/cafecommessias.com.br\/index.php?rest_route=\/wp\/v2\/posts"}],"about":[{"href":"https:\/\/cafecommessias.com.br\/index.php?rest_route=\/wp\/v2\/types\/post"}],"author":[{"embeddable":true,"href":"https:\/\/cafecommessias.com.br\/index.php?rest_route=\/wp\/v2\/users\/1"}],"replies":[{"embeddable":true,"href":"https:\/\/cafecommessias.com.br\/index.php?rest_route=%2Fwp%2Fv2%2Fcomments&post=10350"}],"version-history":[{"count":3,"href":"https:\/\/cafecommessias.com.br\/index.php?rest_route=\/wp\/v2\/posts\/10350\/revisions"}],"predecessor-version":[{"id":10356,"href":"https:\/\/cafecommessias.com.br\/index.php?rest_route=\/wp\/v2\/posts\/10350\/revisions\/10356"}],"wp:featuredmedia":[{"embeddable":true,"href":"https:\/\/cafecommessias.com.br\/index.php?rest_route=\/wp\/v2\/media\/10351"}],"wp:attachment":[{"href":"https:\/\/cafecommessias.com.br\/index.php?rest_route=%2Fwp%2Fv2%2Fmedia&parent=10350"}],"wp:term":[{"taxonomy":"category","embeddable":true,"href":"https:\/\/cafecommessias.com.br\/index.php?rest_route=%2Fwp%2Fv2%2Fcategories&post=10350"},{"taxonomy":"post_tag","embeddable":true,"href":"https:\/\/cafecommessias.com.br\/index.php?rest_route=%2Fwp%2Fv2%2Ftags&post=10350"}],"curies":[{"name":"wp","href":"https:\/\/api.w.org\/{rel}","templated":true}]}}