{"id":10357,"date":"2026-03-21T14:34:06","date_gmt":"2026-03-21T17:34:06","guid":{"rendered":"https:\/\/cafecommessias.com.br\/?p=10357"},"modified":"2026-03-21T14:37:05","modified_gmt":"2026-03-21T17:37:05","slug":"bolsonaro-faz-71-anos-e-segue-sem-previsao-de-alta-boletim-medico-diz-que-ex-presidente-segue-com-boa-evolucao","status":"publish","type":"post","link":"https:\/\/cafecommessias.com.br\/?p=10357","title":{"rendered":"Bolsonaro faz 71 anos e segue sem previs\u00e3o de alta; boletim m\u00e9dico diz que ex-presidente segue com boa evolu\u00e7\u00e3o"},"content":{"rendered":"\n<p>O ex-presidente&nbsp;Jair Bolsonaro&nbsp;segue internado na UTI do Hospital DF Star, em Bras\u00edlia, sem previs\u00e3o de alta. Ele est\u00e1 hospitalizado h\u00e1 uma semana com pneumonia bacteriana bilateral, ap\u00f3s epis\u00f3dio de broncoaspira\u00e7\u00e3o.<\/p>\n\n\n\n<p>Segundo boletim m\u00e9dico deste s\u00e1bado (21), dia em que Bolsonaro completa 71 anos de idade, o ex-presidente apresenta evolu\u00e7\u00e3o est\u00e1vel, sem intercorr\u00eancias, mas iniciou tratamento odontol\u00f3gico por dores na mand\u00edbula. Ele permanece sob antibi\u00f3ticos, fisioterapia e cuidados intensivos.<\/p>\n\n\n\n<p>A defesa de Bolsonaro pede a convers\u00e3o da pena para pris\u00e3o domiciliar.&nbsp;Alexandre de Moraes, do&nbsp;Supremo Tribunal Federal, aguarda parecer da PGR sobre o pedido.<\/p>\n\n\n<div class=\"wp-block-post-author\"><div class=\"wp-block-post-author__avatar\"><img alt='' src='https:\/\/secure.gravatar.com\/avatar\/a62bcf199877d37056dc55ccc32b6decbd05abb46ce616ef4c38b16491e4d91d?s=48&#038;r=g' srcset='https:\/\/secure.gravatar.com\/avatar\/a62bcf199877d37056dc55ccc32b6decbd05abb46ce616ef4c38b16491e4d91d?s=96&#038;r=g 2x' class='avatar avatar-48 photo' height='48' width='48' \/><\/div><div class=\"wp-block-post-author__content\"><p class=\"wp-block-post-author__name\">Blogcafecommessias<\/p><\/div><\/div>\n\n\n<p class=\"has-text-align-center\"><strong><em>PUBLICIDADE<\/em><\/strong><\/p>\n\n\n\n<figure class=\"wp-block-image size-full\"><img loading=\"lazy\" decoding=\"async\" width=\"970\" height=\"250\" src=\"https:\/\/cafecommessias.com.br\/wp-content\/uploads\/2026\/03\/Lixo-nas-Ruas_970x250.png\" alt=\"\" class=\"wp-image-10246\" srcset=\"https:\/\/cafecommessias.com.br\/wp-content\/uploads\/2026\/03\/Lixo-nas-Ruas_970x250.png 970w, https:\/\/cafecommessias.com.br\/wp-content\/uploads\/2026\/03\/Lixo-nas-Ruas_970x250-300x77.png 300w, https:\/\/cafecommessias.com.br\/wp-content\/uploads\/2026\/03\/Lixo-nas-Ruas_970x250-768x198.png 768w\" sizes=\"auto, (max-width: 970px) 100vw, 970px\" \/><\/figure>\n","protected":false},"excerpt":{"rendered":"<p>O ex-presidente&nbsp;Jair Bolsonaro&nbsp;segue internado na UTI do Hospital DF Star, em Bras\u00edlia, sem previs\u00e3o de alta. Ele est\u00e1 hospitalizado h\u00e1 uma semana com pneumonia bacteriana bilateral, ap\u00f3s epis\u00f3dio de broncoaspira\u00e7\u00e3o. Segundo boletim m\u00e9dico deste s\u00e1bado (21), dia em que Bolsonaro completa 71 anos de idade, o ex-presidente apresenta evolu\u00e7\u00e3o est\u00e1vel, sem intercorr\u00eancias, mas iniciou tratamento&#8230;<\/p>\n","protected":false},"author":1,"featured_media":10358,"comment_status":"open","ping_status":"closed","sticky":false,"template":"","format":"standard","meta":{"footnotes":""},"categories":[4,3],"tags":[],"class_list":["post-10357","post","type-post","status-publish","format-standard","has-post-thumbnail","hentry","category-anuncie-aqui","category-geral"],"_links":{"self":[{"href":"https:\/\/cafecommessias.com.br\/index.php?rest_route=\/wp\/v2\/posts\/10357","targetHints":{"allow":["GET"]}}],"collection":[{"href":"https:\/\/cafecommessias.com.br\/index.php?rest_route=\/wp\/v2\/posts"}],"about":[{"href":"https:\/\/cafecommessias.com.br\/index.php?rest_route=\/wp\/v2\/types\/post"}],"author":[{"embeddable":true,"href":"https:\/\/cafecommessias.com.br\/index.php?rest_route=\/wp\/v2\/users\/1"}],"replies":[{"embeddable":true,"href":"https:\/\/cafecommessias.com.br\/index.php?rest_route=%2Fwp%2Fv2%2Fcomments&post=10357"}],"version-history":[{"count":1,"href":"https:\/\/cafecommessias.com.br\/index.php?rest_route=\/wp\/v2\/posts\/10357\/revisions"}],"predecessor-version":[{"id":10359,"href":"https:\/\/cafecommessias.com.br\/index.php?rest_route=\/wp\/v2\/posts\/10357\/revisions\/10359"}],"wp:featuredmedia":[{"embeddable":true,"href":"https:\/\/cafecommessias.com.br\/index.php?rest_route=\/wp\/v2\/media\/10358"}],"wp:attachment":[{"href":"https:\/\/cafecommessias.com.br\/index.php?rest_route=%2Fwp%2Fv2%2Fmedia&parent=10357"}],"wp:term":[{"taxonomy":"category","embeddable":true,"href":"https:\/\/cafecommessias.com.br\/index.php?rest_route=%2Fwp%2Fv2%2Fcategories&post=10357"},{"taxonomy":"post_tag","embeddable":true,"href":"https:\/\/cafecommessias.com.br\/index.php?rest_route=%2Fwp%2Fv2%2Ftags&post=10357"}],"curies":[{"name":"wp","href":"https:\/\/api.w.org\/{rel}","templated":true}]}}