{"id":10360,"date":"2026-03-21T14:48:18","date_gmt":"2026-03-21T17:48:18","guid":{"rendered":"https:\/\/cafecommessias.com.br\/?p=10360"},"modified":"2026-03-21T14:49:48","modified_gmt":"2026-03-21T17:49:48","slug":"presidente-de-cuba-diz-que-pais-se-prepara-para-possivel-agressao-dos-eua","status":"publish","type":"post","link":"https:\/\/cafecommessias.com.br\/?p=10360","title":{"rendered":"Presidente de Cuba diz que pa\u00eds se prepara para poss\u00edvel agress\u00e3o dos EUA"},"content":{"rendered":"\n<p>O presidente cubano Miguel D\u00edaz-Canel disse a um grupo de ativistas estrangeiros que levavam ajuda humanit\u00e1ria \u00e0 ilha na sexta-feira (20) que Cuba estava se preparando para uma poss\u00edvel agress\u00e3o dos Estados Unidos.<\/p>\n\n\n\n<p>Em um evento de solidariedade em Havana, D\u00edaz-Canel citou o presidente americano, Donald Trump, dizendo que toda a press\u00e3o poss\u00edvel j\u00e1 havia sido exercida sobre Cuba e que a \u00fanica&nbsp;op\u00e7\u00e3o restante era tomar o poder e destruir tudo.<\/p>\n\n\n\n<p>O l\u00edder cubano enfatizou que o pa\u00eds lan\u00e7ou um plano de prepara\u00e7\u00e3o de defesa baseado no conceito de uma &#8220;guerra de todo o povo&#8221;, que ele descreveu como defensiva em vez de agressiva.<\/p>\n\n\n\n<p>D\u00edaz-Canel tamb\u00e9m enfatizou que a lideran\u00e7a revolucion\u00e1ria de Cuba permanece unida e que todas as decis\u00f5es s\u00e3o tomadas coletivamente, com o l\u00edder hist\u00f3rico, general do Ex\u00e9rcito Ra\u00fal Castro, ainda presente na lideran\u00e7a.<\/p>\n\n\n\n<p>Segundo declara\u00e7\u00f5es anteriores do vice-ministro das Rela\u00e7\u00f5es Exteriores de Cuba , o sistema pol\u00edtico e a presid\u00eancia n\u00e3o est\u00e3o sujeitos a negocia\u00e7\u00e3o com os Estados Unidos, ap\u00f3s relatos de que Washington teria tentado destituir D\u00edaz-Canel do poder.<\/p>\n\n\n\n<p>O governo Trump imp\u00f4s um bloqueio de petr\u00f3leo \u00e0 na\u00e7\u00e3o governada pelos comunistas, aprofundando ainda mais a crise econ\u00f4mica, enquanto as negocia\u00e7\u00f5es bilaterais continuam, segundo relatos. Cuba iniciou as conversas com Washington em meio \u00e0 crise, embora a proposta dos EUA inclua, supostamente, uma &#8220;sa\u00edda&#8221; para D\u00edaz-Canel, que ainda tem dois anos de mandato pela frente.<\/p>\n\n\n\n<p class=\"has-text-align-center\"><strong><em>PUBL<\/em><\/strong><em><strong>ICIDADE<\/strong><\/em><\/p>\n\n\n\n<figure class=\"wp-block-image size-large\"><img loading=\"lazy\" decoding=\"async\" width=\"1024\" height=\"197\" src=\"https:\/\/cafecommessias.com.br\/wp-content\/uploads\/2026\/03\/Banner_Seguranca_Transformada_1300x250px-5-1024x197.gif\" alt=\"\" class=\"wp-image-10251\" srcset=\"https:\/\/cafecommessias.com.br\/wp-content\/uploads\/2026\/03\/Banner_Seguranca_Transformada_1300x250px-5-1024x197.gif 1024w, https:\/\/cafecommessias.com.br\/wp-content\/uploads\/2026\/03\/Banner_Seguranca_Transformada_1300x250px-5-300x58.gif 300w, https:\/\/cafecommessias.com.br\/wp-content\/uploads\/2026\/03\/Banner_Seguranca_Transformada_1300x250px-5-768x148.gif 768w\" sizes=\"auto, (max-width: 1024px) 100vw, 1024px\" \/><\/figure>\n","protected":false},"excerpt":{"rendered":"<p>O presidente cubano Miguel D\u00edaz-Canel disse a um grupo de ativistas estrangeiros que levavam ajuda humanit\u00e1ria \u00e0 ilha na sexta-feira (20) que Cuba estava se preparando para uma poss\u00edvel agress\u00e3o dos Estados Unidos. Em um evento de solidariedade em Havana, D\u00edaz-Canel citou o presidente americano, Donald Trump, dizendo que toda a press\u00e3o poss\u00edvel j\u00e1 havia&#8230;<\/p>\n","protected":false},"author":1,"featured_media":10361,"comment_status":"open","ping_status":"closed","sticky":false,"template":"","format":"standard","meta":{"footnotes":""},"categories":[4,2],"tags":[],"class_list":["post-10360","post","type-post","status-publish","format-standard","has-post-thumbnail","hentry","category-anuncie-aqui","category-internacional"],"_links":{"self":[{"href":"https:\/\/cafecommessias.com.br\/index.php?rest_route=\/wp\/v2\/posts\/10360","targetHints":{"allow":["GET"]}}],"collection":[{"href":"https:\/\/cafecommessias.com.br\/index.php?rest_route=\/wp\/v2\/posts"}],"about":[{"href":"https:\/\/cafecommessias.com.br\/index.php?rest_route=\/wp\/v2\/types\/post"}],"author":[{"embeddable":true,"href":"https:\/\/cafecommessias.com.br\/index.php?rest_route=\/wp\/v2\/users\/1"}],"replies":[{"embeddable":true,"href":"https:\/\/cafecommessias.com.br\/index.php?rest_route=%2Fwp%2Fv2%2Fcomments&post=10360"}],"version-history":[{"count":2,"href":"https:\/\/cafecommessias.com.br\/index.php?rest_route=\/wp\/v2\/posts\/10360\/revisions"}],"predecessor-version":[{"id":10363,"href":"https:\/\/cafecommessias.com.br\/index.php?rest_route=\/wp\/v2\/posts\/10360\/revisions\/10363"}],"wp:featuredmedia":[{"embeddable":true,"href":"https:\/\/cafecommessias.com.br\/index.php?rest_route=\/wp\/v2\/media\/10361"}],"wp:attachment":[{"href":"https:\/\/cafecommessias.com.br\/index.php?rest_route=%2Fwp%2Fv2%2Fmedia&parent=10360"}],"wp:term":[{"taxonomy":"category","embeddable":true,"href":"https:\/\/cafecommessias.com.br\/index.php?rest_route=%2Fwp%2Fv2%2Fcategories&post=10360"},{"taxonomy":"post_tag","embeddable":true,"href":"https:\/\/cafecommessias.com.br\/index.php?rest_route=%2Fwp%2Fv2%2Ftags&post=10360"}],"curies":[{"name":"wp","href":"https:\/\/api.w.org\/{rel}","templated":true}]}}