{"id":10364,"date":"2026-03-21T14:52:30","date_gmt":"2026-03-21T17:52:30","guid":{"rendered":"https:\/\/cafecommessias.com.br\/?p=10364"},"modified":"2026-03-21T14:52:31","modified_gmt":"2026-03-21T17:52:31","slug":"hospital-diz-ao-stf-que-bolsonaro-esta-bem-sem-infeccao-e-com-melhora-progressiva-moraes-aguarda-pgr-para-decidir-sobre-domiciliar","status":"publish","type":"post","link":"https:\/\/cafecommessias.com.br\/?p=10364","title":{"rendered":"Hospital diz ao STF que Bolsonaro est\u00e1 bem, sem infec\u00e7\u00e3o e com \u2018melhora progressiva\u2019; Moraes aguarda PGR para decidir sobre domiciliar"},"content":{"rendered":"\n<p>O hospital em que Jair Bolsonaro (PL) est\u00e1 internado desde o dia 13 de mar\u00e7o informou ao STF (Supremo Tribunal Federal) que o ex-presidente est\u00e1 sem sinais de sepse, sem instabilidade e com melhora progressiva.<\/p>\n\n\n\n<p>O relat\u00f3rio embasou a decis\u00e3o do ministro Alexandre de Moraes, que mandou a PGR (Procuradoria-Geral da Rep\u00fablica) se manifestar sobre o pedido de pris\u00e3o domiciliar apresentado pela defesa de Jair Bolsonaro.<\/p>\n\n\n\n<p>De acordo com o hospital, a situa\u00e7\u00e3o atual \u00e9 de melhora cl\u00ednica e radiol\u00f3gica da pneumonia, com estabilidade hemodin\u00e2mica.<\/p>\n\n\n\n<p>Bolsonaro permanece, entretanto, com necessidade de continuidade de tratamento antibi\u00f3tico e monitoriza\u00e7\u00e3o cl\u00ednica por 7 a 14 dias, a depender da evolu\u00e7\u00e3o cl\u00ednica e laboratorial.<\/p>\n\n\n\n<p>Segundo o hospital, Bolsonaro apresentou melhora do quadro cl\u00ednico, com suspens\u00e3o do uso de oxig\u00eanio ap\u00f3s 24 horas da admiss\u00e3o.<\/p>\n\n\n\n<p>Al\u00e9m disso, houve melhora progressiva do quadro cl\u00ednico (melhora da dispneia, astenia e prostra\u00e7\u00e3o), al\u00e9m de melhora dos biomarcadores inflamat\u00f3rios e infecciosos.<\/p>\n\n\n\n<p>O paciente, segundo a unidade, foi submetido a um ecocardiograma que revelou normalidade da fun\u00e7\u00e3o card\u00edaca, al\u00e9m da melhora das consolida\u00e7\u00f5es pulmonares.<\/p>\n\n\n\n<p><strong>Domiciliar<\/strong><\/p>\n\n\n\n<p>No pedido para pris\u00e3o domiciliar, a defesa sustenta que Bolsonaro apresenta um quadro de \u201cmultimorbidade grave\u201d.<\/p>\n\n\n\n<p>Segundo os advogados, o ex-presidente teve um mal-estar s\u00fabito, com febre, v\u00f4mitos e queda na satura\u00e7\u00e3o de oxig\u00eanio, sendo posteriormente diagnosticado com pneumonia bacteriana nos dois pulm\u00f5es decorrente de broncoaspira\u00e7\u00e3o.<\/p>\n\n\n\n<p>Os defensores de Bolsonaro afirmam que houve demora no atendimento m\u00e9dico dentro da Papudinha. De acordo com a peti\u00e7\u00e3o, os sintomas come\u00e7aram por volta das 2h, mas o primeiro atendimento s\u00f3 teria ocorrido \u00e0s 6h45 \u2014 intervalo que, segundo eles, elevou o risco de complica\u00e7\u00f5es graves, como infec\u00e7\u00e3o generalizada e at\u00e9 morte.<\/p>\n\n\n\n<p><em><sub>Por R7<\/sub><\/em><\/p>\n\n\n\n<p class=\"has-text-align-center\"><strong><em>PUBLICIDADE<\/em><\/strong><\/p>\n\n\n\n<figure class=\"wp-block-image size-full\"><img loading=\"lazy\" decoding=\"async\" width=\"750\" height=\"200\" src=\"https:\/\/cafecommessias.com.br\/wp-content\/uploads\/2026\/03\/Banner-1-ANO-750x200px-3.png\" alt=\"\" class=\"wp-image-10226\" srcset=\"https:\/\/cafecommessias.com.br\/wp-content\/uploads\/2026\/03\/Banner-1-ANO-750x200px-3.png 750w, https:\/\/cafecommessias.com.br\/wp-content\/uploads\/2026\/03\/Banner-1-ANO-750x200px-3-300x80.png 300w\" sizes=\"auto, (max-width: 750px) 100vw, 750px\" \/><\/figure>\n","protected":false},"excerpt":{"rendered":"<p>O hospital em que Jair Bolsonaro (PL) est\u00e1 internado desde o dia 13 de mar\u00e7o informou ao STF (Supremo Tribunal Federal) que o ex-presidente est\u00e1 sem sinais de sepse, sem instabilidade e com melhora progressiva. O relat\u00f3rio embasou a decis\u00e3o do ministro Alexandre de Moraes, que mandou a PGR (Procuradoria-Geral da Rep\u00fablica) se manifestar sobre&#8230;<\/p>\n","protected":false},"author":1,"featured_media":10365,"comment_status":"open","ping_status":"open","sticky":false,"template":"","format":"standard","meta":{"footnotes":""},"categories":[4],"tags":[],"class_list":["post-10364","post","type-post","status-publish","format-standard","has-post-thumbnail","hentry","category-anuncie-aqui"],"_links":{"self":[{"href":"https:\/\/cafecommessias.com.br\/index.php?rest_route=\/wp\/v2\/posts\/10364","targetHints":{"allow":["GET"]}}],"collection":[{"href":"https:\/\/cafecommessias.com.br\/index.php?rest_route=\/wp\/v2\/posts"}],"about":[{"href":"https:\/\/cafecommessias.com.br\/index.php?rest_route=\/wp\/v2\/types\/post"}],"author":[{"embeddable":true,"href":"https:\/\/cafecommessias.com.br\/index.php?rest_route=\/wp\/v2\/users\/1"}],"replies":[{"embeddable":true,"href":"https:\/\/cafecommessias.com.br\/index.php?rest_route=%2Fwp%2Fv2%2Fcomments&post=10364"}],"version-history":[{"count":1,"href":"https:\/\/cafecommessias.com.br\/index.php?rest_route=\/wp\/v2\/posts\/10364\/revisions"}],"predecessor-version":[{"id":10366,"href":"https:\/\/cafecommessias.com.br\/index.php?rest_route=\/wp\/v2\/posts\/10364\/revisions\/10366"}],"wp:featuredmedia":[{"embeddable":true,"href":"https:\/\/cafecommessias.com.br\/index.php?rest_route=\/wp\/v2\/media\/10365"}],"wp:attachment":[{"href":"https:\/\/cafecommessias.com.br\/index.php?rest_route=%2Fwp%2Fv2%2Fmedia&parent=10364"}],"wp:term":[{"taxonomy":"category","embeddable":true,"href":"https:\/\/cafecommessias.com.br\/index.php?rest_route=%2Fwp%2Fv2%2Fcategories&post=10364"},{"taxonomy":"post_tag","embeddable":true,"href":"https:\/\/cafecommessias.com.br\/index.php?rest_route=%2Fwp%2Fv2%2Ftags&post=10364"}],"curies":[{"name":"wp","href":"https:\/\/api.w.org\/{rel}","templated":true}]}}