{"id":10367,"date":"2026-03-21T14:57:00","date_gmt":"2026-03-21T17:57:00","guid":{"rendered":"https:\/\/cafecommessias.com.br\/?p=10367"},"modified":"2026-03-21T14:57:11","modified_gmt":"2026-03-21T17:57:11","slug":"em-publicacao-alvaro-dias-felicita-bolsonaro-por-aniversario-71-anos","status":"publish","type":"post","link":"https:\/\/cafecommessias.com.br\/?p=10367","title":{"rendered":"Em publica\u00e7\u00e3o, \u00c1lvaro Dias felicita Bolsonaro por anivers\u00e1rio, 71 anos"},"content":{"rendered":"\n<p>O ex-prefeito de Natal\u00a0<strong>\u00c1lvaro Dias\u00a0<\/strong>usou as redes sociais para parabenizar o ex-presidente\u00a0<strong>Jair Bolsonaro\u00a0pelos 71 anos<\/strong>, comemorados neste s\u00e1bado (21).<\/p>\n\n\n\n<p>Na publica\u00e7\u00e3o, \u00c1lvaro destacou a trajet\u00f3ria pol\u00edtica de Bolsonaro, ressaltando \u201ccoragem, firmeza e defesa de valores\u201d e desejando sa\u00fade, for\u00e7a e sabedoria ao ex-presidente. Ele tamb\u00e9m afirmou que \u201co Brasil reconhece quem tem coragem de enfrentar o sistema e lutar pelo seu povo\u201d.<\/p>\n\n\n\n<p>A manifesta\u00e7\u00e3o ocorre no mesmo momento em que \u00c1lvaro Dias se aproxima politicamente do grupo bolsonarista, com filia\u00e7\u00e3o ao PL e articula\u00e7\u00f5es para disputar o Governo do Rio Grande do Norte nas elei\u00e7\u00f5es de 2026 &nbsp;<\/p>\n","protected":false},"excerpt":{"rendered":"<p>O ex-prefeito de Natal\u00a0\u00c1lvaro Dias\u00a0usou as redes sociais para parabenizar o ex-presidente\u00a0Jair Bolsonaro\u00a0pelos 71 anos, comemorados neste s\u00e1bado (21). Na publica\u00e7\u00e3o, \u00c1lvaro destacou a trajet\u00f3ria pol\u00edtica de Bolsonaro, ressaltando \u201ccoragem, firmeza e defesa de valores\u201d e desejando sa\u00fade, for\u00e7a e sabedoria ao ex-presidente. Ele tamb\u00e9m afirmou que \u201co Brasil reconhece quem tem coragem de enfrentar&#8230;<\/p>\n","protected":false},"author":1,"featured_media":10368,"comment_status":"open","ping_status":"closed","sticky":false,"template":"","format":"standard","meta":{"footnotes":""},"categories":[3],"tags":[],"class_list":["post-10367","post","type-post","status-publish","format-standard","has-post-thumbnail","hentry","category-geral"],"_links":{"self":[{"href":"https:\/\/cafecommessias.com.br\/index.php?rest_route=\/wp\/v2\/posts\/10367","targetHints":{"allow":["GET"]}}],"collection":[{"href":"https:\/\/cafecommessias.com.br\/index.php?rest_route=\/wp\/v2\/posts"}],"about":[{"href":"https:\/\/cafecommessias.com.br\/index.php?rest_route=\/wp\/v2\/types\/post"}],"author":[{"embeddable":true,"href":"https:\/\/cafecommessias.com.br\/index.php?rest_route=\/wp\/v2\/users\/1"}],"replies":[{"embeddable":true,"href":"https:\/\/cafecommessias.com.br\/index.php?rest_route=%2Fwp%2Fv2%2Fcomments&post=10367"}],"version-history":[{"count":1,"href":"https:\/\/cafecommessias.com.br\/index.php?rest_route=\/wp\/v2\/posts\/10367\/revisions"}],"predecessor-version":[{"id":10369,"href":"https:\/\/cafecommessias.com.br\/index.php?rest_route=\/wp\/v2\/posts\/10367\/revisions\/10369"}],"wp:featuredmedia":[{"embeddable":true,"href":"https:\/\/cafecommessias.com.br\/index.php?rest_route=\/wp\/v2\/media\/10368"}],"wp:attachment":[{"href":"https:\/\/cafecommessias.com.br\/index.php?rest_route=%2Fwp%2Fv2%2Fmedia&parent=10367"}],"wp:term":[{"taxonomy":"category","embeddable":true,"href":"https:\/\/cafecommessias.com.br\/index.php?rest_route=%2Fwp%2Fv2%2Fcategories&post=10367"},{"taxonomy":"post_tag","embeddable":true,"href":"https:\/\/cafecommessias.com.br\/index.php?rest_route=%2Fwp%2Fv2%2Ftags&post=10367"}],"curies":[{"name":"wp","href":"https:\/\/api.w.org\/{rel}","templated":true}]}}