{"id":10374,"date":"2026-03-21T15:47:39","date_gmt":"2026-03-21T18:47:39","guid":{"rendered":"https:\/\/cafecommessias.com.br\/?p=10374"},"modified":"2026-03-21T15:48:38","modified_gmt":"2026-03-21T18:48:38","slug":"sol-taxado-nao-justica-do-rn-decide-que-nao-deve-ser-cobrado-icms-sobre-consumo-de-quem-tem-paineis-solares","status":"publish","type":"post","link":"https:\/\/cafecommessias.com.br\/?p=10374","title":{"rendered":"Sol taxado? N\u00e3o! Justi\u00e7a do RN decide que n\u00e3o deve ser cobrado ICMS sobre consumo de quem tem pain\u00e9is solares"},"content":{"rendered":"\n<p>Quem produz a pr\u00f3pria energia por meio de pain\u00e9is solares e utiliza o sistema de compensa\u00e7\u00e3o com a distribuidora n\u00e3o deve pagar imposto sobre valores que n\u00e3o representam consumo efetivo. Esse foi o entendimento adotado em decis\u00e3o judicial que beneficiou um consumidor do munic\u00edpio de Bara\u00fana, na regi\u00e3o Oeste potiguar.<\/p>\n\n\n\n<p>A medida suspendeu a cobran\u00e7a de ICMS sobre a Tarifa de Uso do Sistema de Distribui\u00e7\u00e3o (TUSD) aplicada \u00e0 energia el\u00e9trica injetada na rede e posteriormente compensada nas faturas.<\/p>\n\n\n\n<p>A decis\u00e3o foi proferida pelo juiz de Direito Jo\u00e3o Makson Bastos de Oliveira, do Juizado Especial C\u00edvel, Criminal e da Fazenda P\u00fablica da Comarca de Bara\u00fana \u2013 2\u00aa Vara, em a\u00e7\u00e3o movida contra o Estado do Rio Grande do Norte e a Companhia Energ\u00e9tica do Rio Grande do Norte \u2013 Cosern.<\/p>\n\n\n\n<p>De acordo com o processo, o autor \u00e9 titular de quatro unidades consumidoras com sistema de microgera\u00e7\u00e3o solar, que operam no regime de compensa\u00e7\u00e3o previsto em lei. Mesmo produzindo parte da pr\u00f3pria energia, ele vinha sendo cobrado pelo ICMS n\u00e3o apenas sobre o que efetivamente consumia, mas tamb\u00e9m sobre a tarifa relacionada ao uso da rede de distribui\u00e7\u00e3o incidente sobre a energia compensada.<\/p>\n\n\n\n<p>Ao analisar o pedido, o magistrado entendeu que os documentos apresentados indicam cobran\u00e7a indevida. Segundo a decis\u00e3o, no modelo de microgera\u00e7\u00e3o distribu\u00edda, o consumidor tamb\u00e9m atua como produtor de energia, o que afasta a caracteriza\u00e7\u00e3o de circula\u00e7\u00e3o de mercadoria \u2014 requisito necess\u00e1rio para a incid\u00eancia do ICMS.<\/p>\n\n\n\n<p>O juiz destacou ainda que a cobran\u00e7a do imposto sobre a TUSD, nesses casos, pode representar tributa\u00e7\u00e3o sobre um servi\u00e7o, e n\u00e3o sobre a energia consumida, o que contraria a legisla\u00e7\u00e3o tribut\u00e1ria.<\/p>\n\n\n\n<p>O entendimento leva em conta altera\u00e7\u00f5es recentes na Lei Kandir, promovidas pela Lei Complementar n\u00b0 194\/2022, que afastaram a incid\u00eancia de ICMS sobre servi\u00e7os de transmiss\u00e3o e distribui\u00e7\u00e3o de energia el\u00e9trica.<\/p>\n\n\n<div class=\"wp-block-post-author\"><div class=\"wp-block-post-author__avatar\"><img alt='' src='https:\/\/secure.gravatar.com\/avatar\/a62bcf199877d37056dc55ccc32b6decbd05abb46ce616ef4c38b16491e4d91d?s=48&#038;r=g' srcset='https:\/\/secure.gravatar.com\/avatar\/a62bcf199877d37056dc55ccc32b6decbd05abb46ce616ef4c38b16491e4d91d?s=96&#038;r=g 2x' class='avatar avatar-48 photo' height='48' width='48' \/><\/div><div class=\"wp-block-post-author__content\"><p class=\"wp-block-post-author__name\">Blogcafecommessias<\/p><\/div><\/div>\n\n\n<p class=\"has-text-align-center\"><strong><em>PUBLICIDADE<\/em><\/strong><\/p>\n\n\n\n<figure class=\"wp-block-image size-full\"><img loading=\"lazy\" decoding=\"async\" width=\"970\" height=\"250\" src=\"https:\/\/cafecommessias.com.br\/wp-content\/uploads\/2026\/03\/Lixo-nas-Ruas_970x250.png\" alt=\"\" class=\"wp-image-10246\" srcset=\"https:\/\/cafecommessias.com.br\/wp-content\/uploads\/2026\/03\/Lixo-nas-Ruas_970x250.png 970w, https:\/\/cafecommessias.com.br\/wp-content\/uploads\/2026\/03\/Lixo-nas-Ruas_970x250-300x77.png 300w, https:\/\/cafecommessias.com.br\/wp-content\/uploads\/2026\/03\/Lixo-nas-Ruas_970x250-768x198.png 768w\" sizes=\"auto, (max-width: 970px) 100vw, 970px\" \/><\/figure>\n","protected":false},"excerpt":{"rendered":"<p>Quem produz a pr\u00f3pria energia por meio de pain\u00e9is solares e utiliza o sistema de compensa\u00e7\u00e3o com a distribuidora n\u00e3o deve pagar imposto sobre valores que n\u00e3o representam consumo efetivo. Esse foi o entendimento adotado em decis\u00e3o judicial que beneficiou um consumidor do munic\u00edpio de Bara\u00fana, na regi\u00e3o Oeste potiguar. A medida suspendeu a cobran\u00e7a&#8230;<\/p>\n","protected":false},"author":1,"featured_media":10375,"comment_status":"open","ping_status":"closed","sticky":false,"template":"","format":"standard","meta":{"footnotes":""},"categories":[4,3],"tags":[],"class_list":["post-10374","post","type-post","status-publish","format-standard","has-post-thumbnail","hentry","category-anuncie-aqui","category-geral"],"_links":{"self":[{"href":"https:\/\/cafecommessias.com.br\/index.php?rest_route=\/wp\/v2\/posts\/10374","targetHints":{"allow":["GET"]}}],"collection":[{"href":"https:\/\/cafecommessias.com.br\/index.php?rest_route=\/wp\/v2\/posts"}],"about":[{"href":"https:\/\/cafecommessias.com.br\/index.php?rest_route=\/wp\/v2\/types\/post"}],"author":[{"embeddable":true,"href":"https:\/\/cafecommessias.com.br\/index.php?rest_route=\/wp\/v2\/users\/1"}],"replies":[{"embeddable":true,"href":"https:\/\/cafecommessias.com.br\/index.php?rest_route=%2Fwp%2Fv2%2Fcomments&post=10374"}],"version-history":[{"count":2,"href":"https:\/\/cafecommessias.com.br\/index.php?rest_route=\/wp\/v2\/posts\/10374\/revisions"}],"predecessor-version":[{"id":10377,"href":"https:\/\/cafecommessias.com.br\/index.php?rest_route=\/wp\/v2\/posts\/10374\/revisions\/10377"}],"wp:featuredmedia":[{"embeddable":true,"href":"https:\/\/cafecommessias.com.br\/index.php?rest_route=\/wp\/v2\/media\/10375"}],"wp:attachment":[{"href":"https:\/\/cafecommessias.com.br\/index.php?rest_route=%2Fwp%2Fv2%2Fmedia&parent=10374"}],"wp:term":[{"taxonomy":"category","embeddable":true,"href":"https:\/\/cafecommessias.com.br\/index.php?rest_route=%2Fwp%2Fv2%2Fcategories&post=10374"},{"taxonomy":"post_tag","embeddable":true,"href":"https:\/\/cafecommessias.com.br\/index.php?rest_route=%2Fwp%2Fv2%2Ftags&post=10374"}],"curies":[{"name":"wp","href":"https:\/\/api.w.org\/{rel}","templated":true}]}}