{"id":10382,"date":"2026-03-21T15:57:09","date_gmt":"2026-03-21T18:57:09","guid":{"rendered":"https:\/\/cafecommessias.com.br\/?p=10382"},"modified":"2026-03-21T15:58:49","modified_gmt":"2026-03-21T18:58:49","slug":"vivaldo-costa-passa-por-cirurgia-na-cabeca-e-segue-em-recuperacao-na-uti","status":"publish","type":"post","link":"https:\/\/cafecommessias.com.br\/?p=10382","title":{"rendered":"Vivaldo Costa passa por cirurgia na cabe\u00e7a e segue em recupera\u00e7\u00e3o na UTI"},"content":{"rendered":"\n<p>O deputado estadual Vivaldo Costa deixou a sala de cirurgia ap\u00f3s ser submetido a um procedimento na cabe\u00e7a para drenagem de um co\u00e1gulo.<\/p>\n\n\n\n<p>De acordo com as informa\u00e7\u00f5es, a cirurgia transcorreu dentro da normalidade. Neste momento, o parlamentar encontra-se na Unidade de Terapia Intensiva (UTI), onde permanece em recupera\u00e7\u00e3o e sob observa\u00e7\u00e3o m\u00e9dica.<br>Um boletim m\u00e9dico oficial deve ser divulgado a qualquer momento com mais detalhes sobre o estado de sa\u00fade do deputado.<\/p>\n\n\n\n<p>O acompanhamento de perto est\u00e1 sendo feito pelo prefeito de Caic\u00f3, Judas Tadeu, que tamb\u00e9m \u00e9 m\u00e9dico e segue atento \u00e0 evolu\u00e7\u00e3o do quadro cl\u00ednico.<\/p>\n\n\n\n<p><em><sub>Por Robson Pires<\/sub><\/em><\/p>\n\n\n\n<p class=\"has-text-align-center\"><strong><em>PUBLICIDADE<\/em><\/strong><\/p>\n\n\n\n<figure class=\"wp-block-image size-full\"><img loading=\"lazy\" decoding=\"async\" width=\"970\" height=\"250\" src=\"https:\/\/cafecommessias.com.br\/wp-content\/uploads\/2026\/03\/Banner-1-ANO-970x250px-1.png\" alt=\"\" class=\"wp-image-10216\" srcset=\"https:\/\/cafecommessias.com.br\/wp-content\/uploads\/2026\/03\/Banner-1-ANO-970x250px-1.png 970w, https:\/\/cafecommessias.com.br\/wp-content\/uploads\/2026\/03\/Banner-1-ANO-970x250px-1-300x77.png 300w, https:\/\/cafecommessias.com.br\/wp-content\/uploads\/2026\/03\/Banner-1-ANO-970x250px-1-768x198.png 768w\" sizes=\"auto, (max-width: 970px) 100vw, 970px\" \/><\/figure>\n","protected":false},"excerpt":{"rendered":"<p>O deputado estadual Vivaldo Costa deixou a sala de cirurgia ap\u00f3s ser submetido a um procedimento na cabe\u00e7a para drenagem de um co\u00e1gulo. De acordo com as informa\u00e7\u00f5es, a cirurgia transcorreu dentro da normalidade. Neste momento, o parlamentar encontra-se na Unidade de Terapia Intensiva (UTI), onde permanece em recupera\u00e7\u00e3o e sob observa\u00e7\u00e3o m\u00e9dica.Um boletim m\u00e9dico&#8230;<\/p>\n","protected":false},"author":1,"featured_media":10383,"comment_status":"open","ping_status":"closed","sticky":false,"template":"","format":"standard","meta":{"footnotes":""},"categories":[4,3],"tags":[],"class_list":["post-10382","post","type-post","status-publish","format-standard","has-post-thumbnail","hentry","category-anuncie-aqui","category-geral"],"_links":{"self":[{"href":"https:\/\/cafecommessias.com.br\/index.php?rest_route=\/wp\/v2\/posts\/10382","targetHints":{"allow":["GET"]}}],"collection":[{"href":"https:\/\/cafecommessias.com.br\/index.php?rest_route=\/wp\/v2\/posts"}],"about":[{"href":"https:\/\/cafecommessias.com.br\/index.php?rest_route=\/wp\/v2\/types\/post"}],"author":[{"embeddable":true,"href":"https:\/\/cafecommessias.com.br\/index.php?rest_route=\/wp\/v2\/users\/1"}],"replies":[{"embeddable":true,"href":"https:\/\/cafecommessias.com.br\/index.php?rest_route=%2Fwp%2Fv2%2Fcomments&post=10382"}],"version-history":[{"count":2,"href":"https:\/\/cafecommessias.com.br\/index.php?rest_route=\/wp\/v2\/posts\/10382\/revisions"}],"predecessor-version":[{"id":10385,"href":"https:\/\/cafecommessias.com.br\/index.php?rest_route=\/wp\/v2\/posts\/10382\/revisions\/10385"}],"wp:featuredmedia":[{"embeddable":true,"href":"https:\/\/cafecommessias.com.br\/index.php?rest_route=\/wp\/v2\/media\/10383"}],"wp:attachment":[{"href":"https:\/\/cafecommessias.com.br\/index.php?rest_route=%2Fwp%2Fv2%2Fmedia&parent=10382"}],"wp:term":[{"taxonomy":"category","embeddable":true,"href":"https:\/\/cafecommessias.com.br\/index.php?rest_route=%2Fwp%2Fv2%2Fcategories&post=10382"},{"taxonomy":"post_tag","embeddable":true,"href":"https:\/\/cafecommessias.com.br\/index.php?rest_route=%2Fwp%2Fv2%2Ftags&post=10382"}],"curies":[{"name":"wp","href":"https:\/\/api.w.org\/{rel}","templated":true}]}}