{"id":10386,"date":"2026-03-21T15:59:59","date_gmt":"2026-03-21T18:59:59","guid":{"rendered":"https:\/\/cafecommessias.com.br\/?p=10386"},"modified":"2026-03-21T16:00:57","modified_gmt":"2026-03-21T19:00:57","slug":"allyson-amplia-lideranca-e-abre-15-pontos-de-vantagem-para-governo-do-rn","status":"publish","type":"post","link":"https:\/\/cafecommessias.com.br\/?p=10386","title":{"rendered":"Allyson amplia lideran\u00e7a e abre 15 pontos de vantagem para Governo do RN"},"content":{"rendered":"\n<p>Uma nova pesquisa eleitoral mostra Allyson Bezerra liderando a disputa pelo Governo do Estado e ampliando a vantagem em todos os cen\u00e1rios analisados.<\/p>\n\n\n\n<p>No levantamento divulgado nesta sexta-feira (20), Allyson est\u00e1 na frente tanto na inten\u00e7\u00e3o espont\u00e2nea quanto na estimulada, o que indica um n\u00edvel elevado de consolida\u00e7\u00e3o eleitoral.<\/p>\n\n\n\n<p>Na inten\u00e7\u00e3o espont\u00e2nea, quando o eleitor n\u00e3o recebe nomes previamente, Allyson j\u00e1 soma 23,7%, superando com folga \u00c1lvaro Dias, que registra 17,5%. Isso ostra que o nome do prefeito de Mossor\u00f3 est\u00e1 mais presente na mem\u00f3ria do eleitor.<\/p>\n\n\n\n<p>Quando o cen\u00e1rio \u00e9 apresentado ao eleitor, a vantagem cresce. Na pesquisa estimulada, Allyson atinge 37,3%, abrindo mais de 15 pontos sobre \u00c1lvaro Dias (21,5%) e deixando Cadu Xavier com apenas 8,1%. O resultado mostra a consolida\u00e7\u00e3o da lideran\u00e7a.<\/p>\n\n\n\n<p>O dom\u00ednio se mant\u00e9m, e se fortalece, nas proje\u00e7\u00f5es de segundo turno. Em um confronto direto com \u00c1lvaro Dias, Allyson aparece com 38,6% contra 25,9%, uma diferen\u00e7a que indica vantagem confort\u00e1vel. J\u00e1 contra Cadu Xavier, o cen\u00e1rio \u00e9 ainda mais el\u00e1stico: 44% a 9,6%, consolidando um quadro de ampla superioridade.<\/p>\n\n\n\n<p>O Instituto Seta ouviu 1.500 eleitores entre os dias 7 e 9 de mar\u00e7o. A margem de erro \u00e9 de 2,5 pontos percentuais, com n\u00edvel de confian\u00e7a de 95%. O levantamento est\u00e1 registrado na Justi\u00e7a Eleitoral sob os protocolos BR-01174\/2026 e RN-07529\/2026.<\/p>\n\n\n<div class=\"wp-block-post-author\"><div class=\"wp-block-post-author__avatar\"><img alt='' src='https:\/\/secure.gravatar.com\/avatar\/a62bcf199877d37056dc55ccc32b6decbd05abb46ce616ef4c38b16491e4d91d?s=48&#038;r=g' srcset='https:\/\/secure.gravatar.com\/avatar\/a62bcf199877d37056dc55ccc32b6decbd05abb46ce616ef4c38b16491e4d91d?s=96&#038;r=g 2x' class='avatar avatar-48 photo' height='48' width='48' \/><\/div><div class=\"wp-block-post-author__content\"><p class=\"wp-block-post-author__name\">Blogcafecommessias<\/p><\/div><\/div>\n\n\n<p><\/p>\n","protected":false},"excerpt":{"rendered":"<p>Uma nova pesquisa eleitoral mostra Allyson Bezerra liderando a disputa pelo Governo do Estado e ampliando a vantagem em todos os cen\u00e1rios analisados. No levantamento divulgado nesta sexta-feira (20), Allyson est\u00e1 na frente tanto na inten\u00e7\u00e3o espont\u00e2nea quanto na estimulada, o que indica um n\u00edvel elevado de consolida\u00e7\u00e3o eleitoral. Na inten\u00e7\u00e3o espont\u00e2nea, quando o eleitor&#8230;<\/p>\n","protected":false},"author":1,"featured_media":10387,"comment_status":"open","ping_status":"closed","sticky":false,"template":"","format":"standard","meta":{"footnotes":""},"categories":[6],"tags":[],"class_list":["post-10386","post","type-post","status-publish","format-standard","has-post-thumbnail","hentry","category-politica"],"_links":{"self":[{"href":"https:\/\/cafecommessias.com.br\/index.php?rest_route=\/wp\/v2\/posts\/10386","targetHints":{"allow":["GET"]}}],"collection":[{"href":"https:\/\/cafecommessias.com.br\/index.php?rest_route=\/wp\/v2\/posts"}],"about":[{"href":"https:\/\/cafecommessias.com.br\/index.php?rest_route=\/wp\/v2\/types\/post"}],"author":[{"embeddable":true,"href":"https:\/\/cafecommessias.com.br\/index.php?rest_route=\/wp\/v2\/users\/1"}],"replies":[{"embeddable":true,"href":"https:\/\/cafecommessias.com.br\/index.php?rest_route=%2Fwp%2Fv2%2Fcomments&post=10386"}],"version-history":[{"count":1,"href":"https:\/\/cafecommessias.com.br\/index.php?rest_route=\/wp\/v2\/posts\/10386\/revisions"}],"predecessor-version":[{"id":10388,"href":"https:\/\/cafecommessias.com.br\/index.php?rest_route=\/wp\/v2\/posts\/10386\/revisions\/10388"}],"wp:featuredmedia":[{"embeddable":true,"href":"https:\/\/cafecommessias.com.br\/index.php?rest_route=\/wp\/v2\/media\/10387"}],"wp:attachment":[{"href":"https:\/\/cafecommessias.com.br\/index.php?rest_route=%2Fwp%2Fv2%2Fmedia&parent=10386"}],"wp:term":[{"taxonomy":"category","embeddable":true,"href":"https:\/\/cafecommessias.com.br\/index.php?rest_route=%2Fwp%2Fv2%2Fcategories&post=10386"},{"taxonomy":"post_tag","embeddable":true,"href":"https:\/\/cafecommessias.com.br\/index.php?rest_route=%2Fwp%2Fv2%2Ftags&post=10386"}],"curies":[{"name":"wp","href":"https:\/\/api.w.org\/{rel}","templated":true}]}}