{"id":10417,"date":"2026-03-22T11:47:58","date_gmt":"2026-03-22T14:47:58","guid":{"rendered":"https:\/\/cafecommessias.com.br\/?p=10417"},"modified":"2026-03-22T11:48:10","modified_gmt":"2026-03-22T14:48:10","slug":"cpis-tentam-ouvir-ex-de-vorcaro-e-esbarram-em-sumico-antes-de-depoimentos","status":"publish","type":"post","link":"https:\/\/cafecommessias.com.br\/?p=10417","title":{"rendered":"CPIs tentam ouvir ex de Vorcaro e esbarram em sumi\u00e7o antes de depoimentos"},"content":{"rendered":"\n<p>As investiga\u00e7\u00f5es no Congresso Nacional voltaram suas aten\u00e7\u00f5es para&nbsp;Martha Graeff, ex-noiva do ex-banqueiro&nbsp;Daniel Vorcaro, considerada pe\u00e7a-chave para esclarecer poss\u00edveis conex\u00f5es do empres\u00e1rio com autoridades. A influenciadora tem depoimentos marcados nesta semana, mas, segundo apura\u00e7\u00e3o, ainda n\u00e3o foi localizada pelas comiss\u00f5es.<\/p>\n\n\n\n<p>A oitiva est\u00e1 prevista na CPMI do INSS, na segunda-feira (23), e tamb\u00e9m na CPI do Crime Organizado do Senado, na quarta (25). Parlamentares querem explorar informa\u00e7\u00f5es que ela teria presenciado durante o relacionamento, especialmente encontros e conversas envolvendo o ex-banqueiro.<\/p>\n\n\n\n<p>Mensagens analisadas pela CPMI indicam que Vorcaro relatava reuni\u00f5es com figuras de alto escal\u00e3o, incluindo men\u00e7\u00f5es a \u201cAlexandre Moraes\u201d \u2014 refer\u00eancia que levanta suspeitas e amplia a press\u00e3o por esclarecimentos. O ministro&nbsp;Alexandre de Moraes&nbsp;j\u00e1 negou envolvimento nas conversas.<\/p>\n\n\n\n<p>Outro ponto que chamou aten\u00e7\u00e3o dos investigadores foi um relato de Vorcaro sobre um encontro com o presidente&nbsp;Luiz In\u00e1cio Lula da Silva, classificado por ele como \u201cmuito forte\u201d, al\u00e9m de uma suposta \u201cextors\u00e3o\u201d em Bras\u00edlia, mencionada em di\u00e1logos com a ent\u00e3o companheira.<\/p>\n\n\n\n<p>A convoca\u00e7\u00e3o de Martha tamb\u00e9m surge como alternativa diante da aus\u00eancia do pr\u00f3prio Vorcaro, que teve presen\u00e7a facultativa autorizada pelo ministro&nbsp;Andr\u00e9 Mendon\u00e7a. Para parlamentares, o depoimento da influenciadora pode ajudar a revelar a dimens\u00e3o das rela\u00e7\u00f5es entre interesses privados e o poder p\u00fablico.<\/p>\n","protected":false},"excerpt":{"rendered":"<p>As investiga\u00e7\u00f5es no Congresso Nacional voltaram suas aten\u00e7\u00f5es para&nbsp;Martha Graeff, ex-noiva do ex-banqueiro&nbsp;Daniel Vorcaro, considerada pe\u00e7a-chave para esclarecer poss\u00edveis conex\u00f5es do empres\u00e1rio com autoridades. A influenciadora tem depoimentos marcados nesta semana, mas, segundo apura\u00e7\u00e3o, ainda n\u00e3o foi localizada pelas comiss\u00f5es. A oitiva est\u00e1 prevista na CPMI do INSS, na segunda-feira (23), e tamb\u00e9m na CPI&#8230;<\/p>\n","protected":false},"author":1,"featured_media":10418,"comment_status":"open","ping_status":"closed","sticky":false,"template":"","format":"standard","meta":{"footnotes":""},"categories":[37],"tags":[],"class_list":["post-10417","post","type-post","status-publish","format-standard","has-post-thumbnail","hentry","category-brasil"],"_links":{"self":[{"href":"https:\/\/cafecommessias.com.br\/index.php?rest_route=\/wp\/v2\/posts\/10417","targetHints":{"allow":["GET"]}}],"collection":[{"href":"https:\/\/cafecommessias.com.br\/index.php?rest_route=\/wp\/v2\/posts"}],"about":[{"href":"https:\/\/cafecommessias.com.br\/index.php?rest_route=\/wp\/v2\/types\/post"}],"author":[{"embeddable":true,"href":"https:\/\/cafecommessias.com.br\/index.php?rest_route=\/wp\/v2\/users\/1"}],"replies":[{"embeddable":true,"href":"https:\/\/cafecommessias.com.br\/index.php?rest_route=%2Fwp%2Fv2%2Fcomments&post=10417"}],"version-history":[{"count":1,"href":"https:\/\/cafecommessias.com.br\/index.php?rest_route=\/wp\/v2\/posts\/10417\/revisions"}],"predecessor-version":[{"id":10419,"href":"https:\/\/cafecommessias.com.br\/index.php?rest_route=\/wp\/v2\/posts\/10417\/revisions\/10419"}],"wp:featuredmedia":[{"embeddable":true,"href":"https:\/\/cafecommessias.com.br\/index.php?rest_route=\/wp\/v2\/media\/10418"}],"wp:attachment":[{"href":"https:\/\/cafecommessias.com.br\/index.php?rest_route=%2Fwp%2Fv2%2Fmedia&parent=10417"}],"wp:term":[{"taxonomy":"category","embeddable":true,"href":"https:\/\/cafecommessias.com.br\/index.php?rest_route=%2Fwp%2Fv2%2Fcategories&post=10417"},{"taxonomy":"post_tag","embeddable":true,"href":"https:\/\/cafecommessias.com.br\/index.php?rest_route=%2Fwp%2Fv2%2Ftags&post=10417"}],"curies":[{"name":"wp","href":"https:\/\/api.w.org\/{rel}","templated":true}]}}