{"id":10421,"date":"2026-03-22T11:52:33","date_gmt":"2026-03-22T14:52:33","guid":{"rendered":"https:\/\/cafecommessias.com.br\/?p=10421"},"modified":"2026-03-22T11:52:43","modified_gmt":"2026-03-22T14:52:43","slug":"suspeita-sobre-toffoli-em-resort-ja-aparecia-na-lava-jato-ha-quase-10-anos","status":"publish","type":"post","link":"https:\/\/cafecommessias.com.br\/?p=10421","title":{"rendered":"Suspeita sobre Toffoli em resort j\u00e1 aparecia na Lava Jato h\u00e1 quase 10 anos"},"content":{"rendered":"\n<p>A poss\u00edvel liga\u00e7\u00e3o do ministro do STF&nbsp;Dias Toffoli&nbsp;com o resort Tayay\u00e1, no Paran\u00e1, n\u00e3o \u00e9 recente. O tema j\u00e1 havia surgido nos bastidores da Opera\u00e7\u00e3o&nbsp;Lava Jato, ainda em 2016, segundo mensagens reveladas posteriormente.<\/p>\n\n\n\n<p>A informa\u00e7\u00e3o \u00e9 do colunista Lauro Jardim, do jornal&nbsp;<strong><em>O Globo<\/em><\/strong>. Di\u00e1logos atribu\u00eddos ao ex-procurador&nbsp;Deltan Dallagnol&nbsp;indicam que ele alertou integrantes da Procuradoria-Geral da Rep\u00fablica sobre a suspeita de que Toffoli seria s\u00f3cio oculto do empreendimento, por meio de um familiar. As conversas vieram \u00e0 tona anos depois, com os vazamentos da chamada Vaza-Jato.<\/p>\n\n\n\n<p>\u00c0 \u00e9poca, o conte\u00fado foi usado em uma representa\u00e7\u00e3o do senador&nbsp;Renan Calheiros&nbsp;contra Dallagnol, sob a acusa\u00e7\u00e3o de tentativa de investiga\u00e7\u00e3o irregular contra um ministro da Suprema Corte. O caso acabou alimentando o embate entre integrantes da Lava Jato e o STF.<\/p>\n\n\n\n<p>Agora, quase uma d\u00e9cada depois, o assunto voltou ao centro do debate ap\u00f3s o pr\u00f3prio Toffoli admitir participa\u00e7\u00e3o na empresa familiar Maridt, que figura entre as propriet\u00e1rias do resort. A revela\u00e7\u00e3o reacendeu questionamentos sobre a rela\u00e7\u00e3o do ministro com o neg\u00f3cio.<\/p>\n\n\n\n<p>O epis\u00f3dio refor\u00e7a a reabertura de temas antigos da Lava Jato e amplia a press\u00e3o sobre figuras centrais do Judici\u00e1rio, em meio a um cen\u00e1rio pol\u00edtico j\u00e1 tensionado por investiga\u00e7\u00f5es e disputas institucionais.<\/p>\n\n\n\n<p class=\"has-text-align-center\"><strong><em>PUBLICIDADE<\/em><\/strong><\/p>\n\n\n\n<figure class=\"wp-block-image size-full\"><img loading=\"lazy\" decoding=\"async\" width=\"970\" height=\"250\" src=\"https:\/\/cafecommessias.com.br\/wp-content\/uploads\/2026\/03\/Lixo-nas-Ruas_970x250.png\" alt=\"\" class=\"wp-image-10246\" srcset=\"https:\/\/cafecommessias.com.br\/wp-content\/uploads\/2026\/03\/Lixo-nas-Ruas_970x250.png 970w, https:\/\/cafecommessias.com.br\/wp-content\/uploads\/2026\/03\/Lixo-nas-Ruas_970x250-300x77.png 300w, https:\/\/cafecommessias.com.br\/wp-content\/uploads\/2026\/03\/Lixo-nas-Ruas_970x250-768x198.png 768w\" sizes=\"auto, (max-width: 970px) 100vw, 970px\" \/><\/figure>\n","protected":false},"excerpt":{"rendered":"<p>A poss\u00edvel liga\u00e7\u00e3o do ministro do STF&nbsp;Dias Toffoli&nbsp;com o resort Tayay\u00e1, no Paran\u00e1, n\u00e3o \u00e9 recente. O tema j\u00e1 havia surgido nos bastidores da Opera\u00e7\u00e3o&nbsp;Lava Jato, ainda em 2016, segundo mensagens reveladas posteriormente. A informa\u00e7\u00e3o \u00e9 do colunista Lauro Jardim, do jornal&nbsp;O Globo. Di\u00e1logos atribu\u00eddos ao ex-procurador&nbsp;Deltan Dallagnol&nbsp;indicam que ele alertou integrantes da Procuradoria-Geral da&#8230;<\/p>\n","protected":false},"author":1,"featured_media":10422,"comment_status":"open","ping_status":"closed","sticky":false,"template":"","format":"standard","meta":{"footnotes":""},"categories":[4,23],"tags":[],"class_list":["post-10421","post","type-post","status-publish","format-standard","has-post-thumbnail","hentry","category-anuncie-aqui","category-crime"],"_links":{"self":[{"href":"https:\/\/cafecommessias.com.br\/index.php?rest_route=\/wp\/v2\/posts\/10421","targetHints":{"allow":["GET"]}}],"collection":[{"href":"https:\/\/cafecommessias.com.br\/index.php?rest_route=\/wp\/v2\/posts"}],"about":[{"href":"https:\/\/cafecommessias.com.br\/index.php?rest_route=\/wp\/v2\/types\/post"}],"author":[{"embeddable":true,"href":"https:\/\/cafecommessias.com.br\/index.php?rest_route=\/wp\/v2\/users\/1"}],"replies":[{"embeddable":true,"href":"https:\/\/cafecommessias.com.br\/index.php?rest_route=%2Fwp%2Fv2%2Fcomments&post=10421"}],"version-history":[{"count":1,"href":"https:\/\/cafecommessias.com.br\/index.php?rest_route=\/wp\/v2\/posts\/10421\/revisions"}],"predecessor-version":[{"id":10423,"href":"https:\/\/cafecommessias.com.br\/index.php?rest_route=\/wp\/v2\/posts\/10421\/revisions\/10423"}],"wp:featuredmedia":[{"embeddable":true,"href":"https:\/\/cafecommessias.com.br\/index.php?rest_route=\/wp\/v2\/media\/10422"}],"wp:attachment":[{"href":"https:\/\/cafecommessias.com.br\/index.php?rest_route=%2Fwp%2Fv2%2Fmedia&parent=10421"}],"wp:term":[{"taxonomy":"category","embeddable":true,"href":"https:\/\/cafecommessias.com.br\/index.php?rest_route=%2Fwp%2Fv2%2Fcategories&post=10421"},{"taxonomy":"post_tag","embeddable":true,"href":"https:\/\/cafecommessias.com.br\/index.php?rest_route=%2Fwp%2Fv2%2Ftags&post=10421"}],"curies":[{"name":"wp","href":"https:\/\/api.w.org\/{rel}","templated":true}]}}