{"id":10428,"date":"2026-03-22T11:58:43","date_gmt":"2026-03-22T14:58:43","guid":{"rendered":"https:\/\/cafecommessias.com.br\/?p=10428"},"modified":"2026-03-22T12:09:26","modified_gmt":"2026-03-22T15:09:26","slug":"meu-candidato-a-presidente-diz-styvenson-a-flavio-em-evento-no-rn","status":"publish","type":"post","link":"https:\/\/cafecommessias.com.br\/?p=10428","title":{"rendered":"\u201cMeu candidato a presidente\u201d, diz Styvenson a Fl\u00e1vio em evento no RN"},"content":{"rendered":"\n<p>O senador Styvenson Valentim (PSDB) confirmou apoio \u00e0 pr\u00e9-candidatura de Fl\u00e1vio Bolsonaro \u00e0 Presid\u00eancia da Rep\u00fablica, em evento do PL neste s\u00e1bado (21), em Parnamirim, na Grande Natal.<\/p>\n\n\n\n<figure class=\"wp-block-image size-large\"><img loading=\"lazy\" decoding=\"async\" width=\"1024\" height=\"917\" src=\"https:\/\/cafecommessias.com.br\/wp-content\/uploads\/2026\/03\/WhatsApp-Image-2026-03-21-at-19.51.34-1024x917.jpeg\" alt=\"\" class=\"wp-image-10435\" srcset=\"https:\/\/cafecommessias.com.br\/wp-content\/uploads\/2026\/03\/WhatsApp-Image-2026-03-21-at-19.51.34-1024x917.jpeg 1024w, https:\/\/cafecommessias.com.br\/wp-content\/uploads\/2026\/03\/WhatsApp-Image-2026-03-21-at-19.51.34-300x269.jpeg 300w, https:\/\/cafecommessias.com.br\/wp-content\/uploads\/2026\/03\/WhatsApp-Image-2026-03-21-at-19.51.34-768x687.jpeg 768w, https:\/\/cafecommessias.com.br\/wp-content\/uploads\/2026\/03\/WhatsApp-Image-2026-03-21-at-19.51.34.jpeg 1068w\" sizes=\"auto, (max-width: 1024px) 100vw, 1024px\" \/><\/figure>\n\n\n\n<p>\u201cMeu candidato a presidente\u201d, disse Styvenson em discurso. Ele tamb\u00e9m nominou \u00c1lvaro Dias, Bab\u00e1 Pereira, Coronel H\u00e9lio, al\u00e9m de outros nomes com quem vai estar ao lado nas elei\u00e7\u00f5es de outubro.<\/p>\n\n\n\n<p>\u201c\u00c9 esse o lado e o espa\u00e7o que eu escolhi estar\u201d, frisou o senador, que concorrer\u00e1 \u00e0 reelei\u00e7\u00e3o.<\/p>\n\n\n\n<p>O evento do PL neste s\u00e1bado ocorre no Boulevard Music Hall, em Parnamirim, para filia\u00e7\u00e3o de pr\u00e9-candidatos no partido.<\/p>\n\n\n\n<p><em><sub>Por Tribuna do Norte<\/sub><\/em><\/p>\n","protected":false},"excerpt":{"rendered":"<p>O senador Styvenson Valentim (PSDB) confirmou apoio \u00e0 pr\u00e9-candidatura de Fl\u00e1vio Bolsonaro \u00e0 Presid\u00eancia da Rep\u00fablica, em evento do PL neste s\u00e1bado (21), em Parnamirim, na Grande Natal. \u201cMeu candidato a presidente\u201d, disse Styvenson em discurso. Ele tamb\u00e9m nominou \u00c1lvaro Dias, Bab\u00e1 Pereira, Coronel H\u00e9lio, al\u00e9m de outros nomes com quem vai estar ao lado&#8230;<\/p>\n","protected":false},"author":1,"featured_media":10431,"comment_status":"open","ping_status":"closed","sticky":false,"template":"","format":"standard","meta":{"footnotes":""},"categories":[5],"tags":[],"class_list":["post-10428","post","type-post","status-publish","format-standard","has-post-thumbnail","hentry","category-policia"],"_links":{"self":[{"href":"https:\/\/cafecommessias.com.br\/index.php?rest_route=\/wp\/v2\/posts\/10428","targetHints":{"allow":["GET"]}}],"collection":[{"href":"https:\/\/cafecommessias.com.br\/index.php?rest_route=\/wp\/v2\/posts"}],"about":[{"href":"https:\/\/cafecommessias.com.br\/index.php?rest_route=\/wp\/v2\/types\/post"}],"author":[{"embeddable":true,"href":"https:\/\/cafecommessias.com.br\/index.php?rest_route=\/wp\/v2\/users\/1"}],"replies":[{"embeddable":true,"href":"https:\/\/cafecommessias.com.br\/index.php?rest_route=%2Fwp%2Fv2%2Fcomments&post=10428"}],"version-history":[{"count":2,"href":"https:\/\/cafecommessias.com.br\/index.php?rest_route=\/wp\/v2\/posts\/10428\/revisions"}],"predecessor-version":[{"id":10436,"href":"https:\/\/cafecommessias.com.br\/index.php?rest_route=\/wp\/v2\/posts\/10428\/revisions\/10436"}],"wp:featuredmedia":[{"embeddable":true,"href":"https:\/\/cafecommessias.com.br\/index.php?rest_route=\/wp\/v2\/media\/10431"}],"wp:attachment":[{"href":"https:\/\/cafecommessias.com.br\/index.php?rest_route=%2Fwp%2Fv2%2Fmedia&parent=10428"}],"wp:term":[{"taxonomy":"category","embeddable":true,"href":"https:\/\/cafecommessias.com.br\/index.php?rest_route=%2Fwp%2Fv2%2Fcategories&post=10428"},{"taxonomy":"post_tag","embeddable":true,"href":"https:\/\/cafecommessias.com.br\/index.php?rest_route=%2Fwp%2Fv2%2Ftags&post=10428"}],"curies":[{"name":"wp","href":"https:\/\/api.w.org\/{rel}","templated":true}]}}