{"id":10450,"date":"2026-03-22T12:20:56","date_gmt":"2026-03-22T15:20:56","guid":{"rendered":"https:\/\/cafecommessias.com.br\/?p=10450"},"modified":"2026-03-22T12:24:58","modified_gmt":"2026-03-22T15:24:58","slug":"pmrn-realiza-curso-nacional-de-formacao-de-instrutores-proerd-cfip","status":"publish","type":"post","link":"https:\/\/cafecommessias.com.br\/?p=10450","title":{"rendered":"PMRN realiza Curso Nacional de Forma\u00e7\u00e3o de Instrutores Proerd (CFIP)"},"content":{"rendered":"\n<p>Nesta sexta-feira (20), o Comandante-geral da PMRN, Coronel Alarico, esteve presente, refor\u00e7ando a relev\u00e2ncia do Proerd para toda a sociedade. Porque investir na forma\u00e7\u00e3o desses instrutores \u00e9 investir diretamente no futuro \u2014 mais seguro, mais consciente e cheio de oportunidades.<\/p>\n\n\n\n<p>A PMRN atrav\u00e9s do Centro Internacional de Treinamento do Proerd no RN, sediado no BPRED, esta realizando o Curso Nacional de Forma\u00e7\u00e3o de Instrutores Proerd (CFIP), no Instituto Kennedy, de 16 a 27 de mar\u00e7o. Mais do que um curso, \u00e9 a forma\u00e7\u00e3o de agentes de transforma\u00e7\u00e3o.<\/p>\n\n\n\n<p>Policiais militares s\u00e3o preparados para atuar em sala de aula, orientando crian\u00e7as e adolescentes a se manterem longe das drogas e da viol\u00eancia.<\/p>\n\n\n\n<p>A capacita\u00e7\u00e3o re\u00fane 33 policiais de diferentes estados, conduzidos por uma equipe formada por militares do RN e de Rond\u00f4nia -RO, sendo 27 da PMRN, al\u00e9m de representantes da PMPB, PMRO, PMPE e PMMA. \u00c9 a integra\u00e7\u00e3o de for\u00e7as em prol de um objetivo maior: proteger a juventude por meio da educa\u00e7\u00e3o.<\/p>\n\n\n<div class=\"wp-block-post-author\"><div class=\"wp-block-post-author__avatar\"><img alt='' src='https:\/\/secure.gravatar.com\/avatar\/a62bcf199877d37056dc55ccc32b6decbd05abb46ce616ef4c38b16491e4d91d?s=48&#038;r=g' srcset='https:\/\/secure.gravatar.com\/avatar\/a62bcf199877d37056dc55ccc32b6decbd05abb46ce616ef4c38b16491e4d91d?s=96&#038;r=g 2x' class='avatar avatar-48 photo' height='48' width='48' \/><\/div><div class=\"wp-block-post-author__content\"><p class=\"wp-block-post-author__name\">Blogcafecommessias<\/p><\/div><\/div>\n\n\n<p class=\"has-text-align-center\"><strong><em>PUBLICIDADE<\/em><\/strong><\/p>\n\n\n\n<figure class=\"wp-block-image size-large\"><img loading=\"lazy\" decoding=\"async\" width=\"1024\" height=\"197\" src=\"https:\/\/cafecommessias.com.br\/wp-content\/uploads\/2026\/03\/Banner_Seguranca_Transformada_1300x250px-5-1024x197.gif\" alt=\"\" class=\"wp-image-10251\" srcset=\"https:\/\/cafecommessias.com.br\/wp-content\/uploads\/2026\/03\/Banner_Seguranca_Transformada_1300x250px-5-1024x197.gif 1024w, https:\/\/cafecommessias.com.br\/wp-content\/uploads\/2026\/03\/Banner_Seguranca_Transformada_1300x250px-5-300x58.gif 300w, https:\/\/cafecommessias.com.br\/wp-content\/uploads\/2026\/03\/Banner_Seguranca_Transformada_1300x250px-5-768x148.gif 768w\" sizes=\"auto, (max-width: 1024px) 100vw, 1024px\" \/><\/figure>\n","protected":false},"excerpt":{"rendered":"<p>Nesta sexta-feira (20), o Comandante-geral da PMRN, Coronel Alarico, esteve presente, refor\u00e7ando a relev\u00e2ncia do Proerd para toda a sociedade. Porque investir na forma\u00e7\u00e3o desses instrutores \u00e9 investir diretamente no futuro \u2014 mais seguro, mais consciente e cheio de oportunidades. A PMRN atrav\u00e9s do Centro Internacional de Treinamento do Proerd no RN, sediado no BPRED,&#8230;<\/p>\n","protected":false},"author":1,"featured_media":10452,"comment_status":"open","ping_status":"closed","sticky":false,"template":"","format":"standard","meta":{"footnotes":""},"categories":[4,3],"tags":[],"class_list":["post-10450","post","type-post","status-publish","format-standard","has-post-thumbnail","hentry","category-anuncie-aqui","category-geral"],"_links":{"self":[{"href":"https:\/\/cafecommessias.com.br\/index.php?rest_route=\/wp\/v2\/posts\/10450","targetHints":{"allow":["GET"]}}],"collection":[{"href":"https:\/\/cafecommessias.com.br\/index.php?rest_route=\/wp\/v2\/posts"}],"about":[{"href":"https:\/\/cafecommessias.com.br\/index.php?rest_route=\/wp\/v2\/types\/post"}],"author":[{"embeddable":true,"href":"https:\/\/cafecommessias.com.br\/index.php?rest_route=\/wp\/v2\/users\/1"}],"replies":[{"embeddable":true,"href":"https:\/\/cafecommessias.com.br\/index.php?rest_route=%2Fwp%2Fv2%2Fcomments&post=10450"}],"version-history":[{"count":1,"href":"https:\/\/cafecommessias.com.br\/index.php?rest_route=\/wp\/v2\/posts\/10450\/revisions"}],"predecessor-version":[{"id":10451,"href":"https:\/\/cafecommessias.com.br\/index.php?rest_route=\/wp\/v2\/posts\/10450\/revisions\/10451"}],"wp:featuredmedia":[{"embeddable":true,"href":"https:\/\/cafecommessias.com.br\/index.php?rest_route=\/wp\/v2\/media\/10452"}],"wp:attachment":[{"href":"https:\/\/cafecommessias.com.br\/index.php?rest_route=%2Fwp%2Fv2%2Fmedia&parent=10450"}],"wp:term":[{"taxonomy":"category","embeddable":true,"href":"https:\/\/cafecommessias.com.br\/index.php?rest_route=%2Fwp%2Fv2%2Fcategories&post=10450"},{"taxonomy":"post_tag","embeddable":true,"href":"https:\/\/cafecommessias.com.br\/index.php?rest_route=%2Fwp%2Fv2%2Ftags&post=10450"}],"curies":[{"name":"wp","href":"https:\/\/api.w.org\/{rel}","templated":true}]}}