{"id":10453,"date":"2026-03-23T13:19:11","date_gmt":"2026-03-23T16:19:11","guid":{"rendered":"https:\/\/cafecommessias.com.br\/?p=10453"},"modified":"2026-03-23T13:23:21","modified_gmt":"2026-03-23T16:23:21","slug":"pgr-se-manifesta-a-favor-de-prisao-domiciliar-de-bolsonaro-por-motivos-de-saude","status":"publish","type":"post","link":"https:\/\/cafecommessias.com.br\/?p=10453","title":{"rendered":"PGR se manifesta a favor de pris\u00e3o domiciliar de Bolsonaro por motivos de sa\u00fade"},"content":{"rendered":"\n<p>A Procuradoria-Geral da Rep\u00fablica (PGR) se manifestou nesta segunda-feira (23) a favor da concess\u00e3o de pris\u00e3o domiciliar ao ex-presidente Jair Bolsonaro. O parecer foi enviado ao Supremo Tribunal Federal (STF) acerca da an\u00e1lise de pedido feito pela defesa do ex-chefe do Executivo.<\/p>\n\n\n\n<p>Na manifesta\u00e7\u00e3o, a PGR aponta a necessidade da medida em raz\u00e3o do estado de sa\u00fade de Bolsonaro, destacando que o ex-presidente est\u00e1 sujeito a altera\u00e7\u00f5es cl\u00ednicas s\u00fabitas e imprevis\u00edveis. O \u00f3rg\u00e3o defende que a pris\u00e3o domiciliar permitiria o monitoramento cont\u00ednuo das condi\u00e7\u00f5es de sa\u00fade.<\/p>\n\n\n\n<p>O posicionamento foi solicitado pelo ministro Alexandre de Moraes, que conduz o processo. O magistrado abriu prazo para manifesta\u00e7\u00e3o da PGR ap\u00f3s receber informa\u00e7\u00f5es detalhadas do Hospital DF Star, em Bras\u00edlia, onde Bolsonaro est\u00e1 internado desde o \u00faltimo dia 13, ap\u00f3s apresentar mal-estar na unidade onde cumpre pena.<\/p>\n\n\n\n<p>O pedido de pris\u00e3o domiciliar foi apresentado pela defesa na semana passada, sob o argumento de necessidade humanit\u00e1ria diante do quadro cl\u00ednico. Antes de decidir, Moraes determinou o envio do prontu\u00e1rio m\u00e9dico completo do ex-presidente, incluindo exames, medica\u00e7\u00f5es e avalia\u00e7\u00e3o geral de sa\u00fade.<\/p>\n\n\n\n<p>Bolsonaro cumpre pena de 27 anos e tr\u00eas meses de pris\u00e3o, em regime inicial fechado, ap\u00f3s condena\u00e7\u00e3o em a\u00e7\u00e3o penal julgada pelo STF. A decis\u00e3o sobre a eventual mudan\u00e7a de regime caber\u00e1 ao ministro relator, que deve considerar as informa\u00e7\u00f5es m\u00e9dicas e o parecer da PGR antes de deliberar sobre o caso.<\/p>\n\n\n\n<p><sub>Com informa\u00e7\u00f5es do O Globo<\/sub><\/p>\n\n\n<div class=\"wp-block-post-author\"><div class=\"wp-block-post-author__avatar\"><img alt='' src='https:\/\/secure.gravatar.com\/avatar\/a62bcf199877d37056dc55ccc32b6decbd05abb46ce616ef4c38b16491e4d91d?s=48&#038;r=g' srcset='https:\/\/secure.gravatar.com\/avatar\/a62bcf199877d37056dc55ccc32b6decbd05abb46ce616ef4c38b16491e4d91d?s=96&#038;r=g 2x' class='avatar avatar-48 photo' height='48' width='48' \/><\/div><div class=\"wp-block-post-author__content\"><p class=\"wp-block-post-author__name\">Blogcafecommessias<\/p><\/div><\/div>\n\n\n<figure class=\"wp-block-image size-full\"><img loading=\"lazy\" decoding=\"async\" width=\"970\" height=\"250\" src=\"https:\/\/cafecommessias.com.br\/wp-content\/uploads\/2026\/03\/Lixo-nas-Ruas_970x250-1.png\" alt=\"\" class=\"wp-image-10455\" srcset=\"https:\/\/cafecommessias.com.br\/wp-content\/uploads\/2026\/03\/Lixo-nas-Ruas_970x250-1.png 970w, https:\/\/cafecommessias.com.br\/wp-content\/uploads\/2026\/03\/Lixo-nas-Ruas_970x250-1-300x77.png 300w, https:\/\/cafecommessias.com.br\/wp-content\/uploads\/2026\/03\/Lixo-nas-Ruas_970x250-1-768x198.png 768w\" sizes=\"auto, (max-width: 970px) 100vw, 970px\" \/><\/figure>\n","protected":false},"excerpt":{"rendered":"<p>A Procuradoria-Geral da Rep\u00fablica (PGR) se manifestou nesta segunda-feira (23) a favor da concess\u00e3o de pris\u00e3o domiciliar ao ex-presidente Jair Bolsonaro. O parecer foi enviado ao Supremo Tribunal Federal (STF) acerca da an\u00e1lise de pedido feito pela defesa do ex-chefe do Executivo. Na manifesta\u00e7\u00e3o, a PGR aponta a necessidade da medida em raz\u00e3o do estado&#8230;<\/p>\n","protected":false},"author":1,"featured_media":10456,"comment_status":"open","ping_status":"open","sticky":false,"template":"","format":"standard","meta":{"footnotes":""},"categories":[4,3],"tags":[],"class_list":["post-10453","post","type-post","status-publish","format-standard","has-post-thumbnail","hentry","category-anuncie-aqui","category-geral"],"_links":{"self":[{"href":"https:\/\/cafecommessias.com.br\/index.php?rest_route=\/wp\/v2\/posts\/10453","targetHints":{"allow":["GET"]}}],"collection":[{"href":"https:\/\/cafecommessias.com.br\/index.php?rest_route=\/wp\/v2\/posts"}],"about":[{"href":"https:\/\/cafecommessias.com.br\/index.php?rest_route=\/wp\/v2\/types\/post"}],"author":[{"embeddable":true,"href":"https:\/\/cafecommessias.com.br\/index.php?rest_route=\/wp\/v2\/users\/1"}],"replies":[{"embeddable":true,"href":"https:\/\/cafecommessias.com.br\/index.php?rest_route=%2Fwp%2Fv2%2Fcomments&post=10453"}],"version-history":[{"count":1,"href":"https:\/\/cafecommessias.com.br\/index.php?rest_route=\/wp\/v2\/posts\/10453\/revisions"}],"predecessor-version":[{"id":10457,"href":"https:\/\/cafecommessias.com.br\/index.php?rest_route=\/wp\/v2\/posts\/10453\/revisions\/10457"}],"wp:featuredmedia":[{"embeddable":true,"href":"https:\/\/cafecommessias.com.br\/index.php?rest_route=\/wp\/v2\/media\/10456"}],"wp:attachment":[{"href":"https:\/\/cafecommessias.com.br\/index.php?rest_route=%2Fwp%2Fv2%2Fmedia&parent=10453"}],"wp:term":[{"taxonomy":"category","embeddable":true,"href":"https:\/\/cafecommessias.com.br\/index.php?rest_route=%2Fwp%2Fv2%2Fcategories&post=10453"},{"taxonomy":"post_tag","embeddable":true,"href":"https:\/\/cafecommessias.com.br\/index.php?rest_route=%2Fwp%2Fv2%2Ftags&post=10453"}],"curies":[{"name":"wp","href":"https:\/\/api.w.org\/{rel}","templated":true}]}}