{"id":1047,"date":"2025-07-19T08:47:51","date_gmt":"2025-07-19T11:47:51","guid":{"rendered":"https:\/\/cafecommessias.com.br\/?p=1047"},"modified":"2025-07-19T08:51:04","modified_gmt":"2025-07-19T11:51:04","slug":"gleisi-reage-a-revogacao-de-vistos-de-ministros-do-stf-e-critica-interferencia-dos-eua","status":"publish","type":"post","link":"https:\/\/cafecommessias.com.br\/?p=1047","title":{"rendered":"Gleisi reage \u00e0 revoga\u00e7\u00e3o de vistos de ministros do STF e critica interfer\u00eancia dos EUA"},"content":{"rendered":"\n<p>A ministra das Rela\u00e7\u00f5es Institucionais, Gleisi Hoffmann, reagiu nesta sexta-feira, 18, \u00e0 decis\u00e3o do governo dos Estados Unidos de revogar o visto de entrada de oito ministros do Supremo Tribunal Federal (STF) naquele pa\u00eds. A san\u00e7\u00e3o foi aplicada a Alexandre de Moraes, Lu\u00eds Roberto Barroso, Dias Toffoli, Cristiano Zanin, Flavio Dino, C\u00e1rmen L\u00facia, Edson Fachin e Gilmar Mendes.<\/p>\n\n\n\n<p>Para Gleisi, a decis\u00e3o \u00e9 uma \u201cafronta\u201d ao Poder Judici\u00e1rio brasileiro e \u00e0 soberania nacional\u201d.<\/p>\n\n\n\n<p>\u201cEssa retalia\u00e7\u00e3o agressiva e mesquinha a uma decis\u00e3o do Tribunal exp\u00f5e o n\u00edvel degradante da conspira\u00e7\u00e3o de Jair Bolsonaro e seu filho Eduardo Bolsonaro contra o nosso pa\u00eds. N\u00e3o se envergonham do vexame internacional que provocaram no desespero de escapar da Justi\u00e7a e da puni\u00e7\u00e3o pelos crimes que cometeram\u201d, disse ela nas redes sociais.<\/p>\n\n\n\n<p>A ministra afirmou, ainda, que, \u201cao contr\u00e1rio do que planejaram, a Suprema Corte do Brasil se engrandece nesse momento, cumprindo o devido processo legal, defendendo a Constitui\u00e7\u00e3o e o Direito, sem jamais terem se dobrado a san\u00e7\u00f5es e amea\u00e7as de quem quer que seja\u201d.<\/p>\n\n\n\n<p>No fim da publica\u00e7\u00e3o, Gleisi recorreu a um racioc\u00ednio tamb\u00e9m usado pelo presidente Luiz In\u00e1cio Lula da Silva. \u201cO Brasil est\u00e1 com a Justi\u00e7a, n\u00e3o com os traidores. O Brasil \u00e9 do povo brasileiro!\u201d, destacou.<\/p>\n\n\n\n<p>A decis\u00e3o de retirar o visto de entrada de Moraes, \u201cseus aliados na Corte\u201d e familiares foi anunciada pelo secret\u00e1rio de Estado do governo Trump, Marco Rubio.<\/p>\n\n\n\n<p>O ministro-chefe da Advocacia-Geral da Uni\u00e3o (AG), Jorge Messias, manifestou, por sua vez, \u201capoio e solidariedade\u201d aos magistrados e ao procurador-geral da Rep\u00fablica, Paulo Gonet, que tamb\u00e9m teve o visto revogado pelos Estados Unidos.<\/p>\n\n\n\n<p>\u201cN\u00e3o se pode coadunar com a deturpa\u00e7\u00e3o que pretende imputar a tais autoridades brasileiras a pr\u00e1tica de atos de viola\u00e7\u00e3o de direitos fundamentais tampouco censura \u00e0 liberdade de express\u00e3o, quando em verdade sua atua\u00e7\u00e3o se orienta nos estritos limites do ordenamento jur\u00eddico, em favor da conserva\u00e7\u00e3o da integridade da nossa Democracia e dos predicados do Estado de Direito\u201d, escreveu o advogado-geral da Uni\u00e3o em postagem publicada nas redes sociais.<\/p>\n\n\n\n<p>Para Messias, o exerc\u00edcio da jurisdi\u00e7\u00e3o n\u00e3o pode sofrer, em hip\u00f3tese nenhuma, \u201cass\u00e9dio de \u00edndole pol\u00edtica\u201d, muito menos por parte de outro Pa\u00eds.<\/p>\n\n\n\n<p>\u201cAsseguro que nenhum expediente inid\u00f4neo ou ato conspirat\u00f3rio s\u00f3rdido haver\u00e1 de intimidar o Poder Judici\u00e1rio de nosso pa\u00eds em seu agir independente e digno\u201d, destacou o ministro.<\/p>\n\n\n\n<p><sub>Por <strong>MSN<\/strong><\/sub><\/p>\n\n\n\n<p class=\"has-text-align-center\"><strong><em>PUBLICIDADE<\/em><\/strong><\/p>\n\n\n\n<figure class=\"wp-block-image size-full\"><img loading=\"lazy\" decoding=\"async\" width=\"364\" height=\"138\" src=\"https:\/\/cafecommessias.com.br\/wp-content\/uploads\/2025\/07\/download-14.jpg\" alt=\"\" class=\"wp-image-1053\" srcset=\"https:\/\/cafecommessias.com.br\/wp-content\/uploads\/2025\/07\/download-14.jpg 364w, https:\/\/cafecommessias.com.br\/wp-content\/uploads\/2025\/07\/download-14-300x114.jpg 300w\" sizes=\"auto, (max-width: 364px) 100vw, 364px\" \/><\/figure>\n","protected":false},"excerpt":{"rendered":"<p>A ministra das Rela\u00e7\u00f5es Institucionais, Gleisi Hoffmann, reagiu nesta sexta-feira, 18, \u00e0 decis\u00e3o do governo dos Estados Unidos de revogar o visto de entrada de oito ministros do Supremo Tribunal Federal (STF) naquele pa\u00eds. A san\u00e7\u00e3o foi aplicada a Alexandre de Moraes, Lu\u00eds Roberto Barroso, Dias Toffoli, Cristiano Zanin, Flavio Dino, C\u00e1rmen L\u00facia, Edson Fachin&#8230;<\/p>\n","protected":false},"author":1,"featured_media":1048,"comment_status":"open","ping_status":"closed","sticky":false,"template":"","format":"standard","meta":{"footnotes":""},"categories":[6],"tags":[],"class_list":["post-1047","post","type-post","status-publish","format-standard","has-post-thumbnail","hentry","category-politica"],"_links":{"self":[{"href":"https:\/\/cafecommessias.com.br\/index.php?rest_route=\/wp\/v2\/posts\/1047","targetHints":{"allow":["GET"]}}],"collection":[{"href":"https:\/\/cafecommessias.com.br\/index.php?rest_route=\/wp\/v2\/posts"}],"about":[{"href":"https:\/\/cafecommessias.com.br\/index.php?rest_route=\/wp\/v2\/types\/post"}],"author":[{"embeddable":true,"href":"https:\/\/cafecommessias.com.br\/index.php?rest_route=\/wp\/v2\/users\/1"}],"replies":[{"embeddable":true,"href":"https:\/\/cafecommessias.com.br\/index.php?rest_route=%2Fwp%2Fv2%2Fcomments&post=1047"}],"version-history":[{"count":4,"href":"https:\/\/cafecommessias.com.br\/index.php?rest_route=\/wp\/v2\/posts\/1047\/revisions"}],"predecessor-version":[{"id":1054,"href":"https:\/\/cafecommessias.com.br\/index.php?rest_route=\/wp\/v2\/posts\/1047\/revisions\/1054"}],"wp:featuredmedia":[{"embeddable":true,"href":"https:\/\/cafecommessias.com.br\/index.php?rest_route=\/wp\/v2\/media\/1048"}],"wp:attachment":[{"href":"https:\/\/cafecommessias.com.br\/index.php?rest_route=%2Fwp%2Fv2%2Fmedia&parent=1047"}],"wp:term":[{"taxonomy":"category","embeddable":true,"href":"https:\/\/cafecommessias.com.br\/index.php?rest_route=%2Fwp%2Fv2%2Fcategories&post=1047"},{"taxonomy":"post_tag","embeddable":true,"href":"https:\/\/cafecommessias.com.br\/index.php?rest_route=%2Fwp%2Fv2%2Ftags&post=1047"}],"curies":[{"name":"wp","href":"https:\/\/api.w.org\/{rel}","templated":true}]}}