{"id":10474,"date":"2026-03-24T10:36:42","date_gmt":"2026-03-24T13:36:42","guid":{"rendered":"https:\/\/cafecommessias.com.br\/?p=10474"},"modified":"2026-03-24T10:37:00","modified_gmt":"2026-03-24T13:37:00","slug":"diesel-dispara-ameaca-safra-e-crise-no-combustivel-ja-pressiona-preco-dos-alimentos","status":"publish","type":"post","link":"https:\/\/cafecommessias.com.br\/?p=10474","title":{"rendered":"Diesel dispara, amea\u00e7a safra e crise no combust\u00edvel j\u00e1 pressiona pre\u00e7o dos alimentos"},"content":{"rendered":"\n<p>A disparada no pre\u00e7o do diesel e as restri\u00e7\u00f5es de oferta j\u00e1 come\u00e7am a afetar diretamente o agroneg\u00f3cio brasileiro, justamente no per\u00edodo cr\u00edtico entre a colheita e o plantio da segunda safra. O cen\u00e1rio \u00e9 reflexo da alta internacional do petr\u00f3leo, impulsionada pela escalada do conflito envolvendo&nbsp;Estados Unidos,&nbsp;Israel&nbsp;e&nbsp;Ir\u00e3.<\/p>\n\n\n\n<p>Produtores de diversas regi\u00f5es, do Sul ao Centro-Oeste, relatam dificuldades para abastecer m\u00e1quinas e garantir o transporte da produ\u00e7\u00e3o. O impacto atinge desde o arroz do&nbsp;Rio Grande do Sul&nbsp;at\u00e9 a soja e o milho do Centro-Oeste, al\u00e9m das usinas de a\u00e7\u00facar e etanol de&nbsp;S\u00e3o Paulo.<\/p>\n\n\n\n<p>O problema j\u00e1 chegou \u00e0s bombas. Dados da&nbsp;Ag\u00eancia Nacional do Petr\u00f3leo&nbsp;apontam que o diesel ficou cerca de 19,4% mais caro desde o in\u00edcio do conflito, pressionando o custo do frete, que subiu entre 10% e 12%. Esse efeito em cadeia preocupa o governo, que v\u00ea risco direto de alta nos pre\u00e7os dos alimentos, especialmente carnes, j\u00e1 que o milho \u2014 base da ra\u00e7\u00e3o animal \u2014 tamb\u00e9m pode encarecer.<\/p>\n\n\n\n<p>Al\u00e9m do campo, servi\u00e7os p\u00fablicos tamb\u00e9m sentem o impacto. Levantamento da&nbsp;Federa\u00e7\u00e3o das Associa\u00e7\u00f5es de Munic\u00edpios do Rio Grande do Sul&nbsp;indica que quase metade das prefeituras consultadas enfrenta dificuldades para manter ve\u00edculos e m\u00e1quinas em opera\u00e7\u00e3o por falta de combust\u00edvel.<\/p>\n\n\n\n<p>Diante da crise, o governo federal tenta reagir com medidas emergenciais, como redu\u00e7\u00e3o de tributos, refor\u00e7o na fiscaliza\u00e7\u00e3o de pre\u00e7os e discuss\u00e3o sobre linhas de cr\u00e9dito para produtores. Ainda assim, o temor \u00e9 de que o diesel caro se transforme em mais um fator de press\u00e3o no bolso do consumidor nos pr\u00f3ximos meses.<\/p>\n\n\n<div class=\"wp-block-post-author\"><div class=\"wp-block-post-author__avatar\"><img alt='' src='https:\/\/secure.gravatar.com\/avatar\/a62bcf199877d37056dc55ccc32b6decbd05abb46ce616ef4c38b16491e4d91d?s=48&#038;r=g' srcset='https:\/\/secure.gravatar.com\/avatar\/a62bcf199877d37056dc55ccc32b6decbd05abb46ce616ef4c38b16491e4d91d?s=96&#038;r=g 2x' class='avatar avatar-48 photo' height='48' width='48' \/><\/div><div class=\"wp-block-post-author__content\"><p class=\"wp-block-post-author__name\">Blogcafecommessias<\/p><\/div><\/div>\n\n\n<p><\/p>\n","protected":false},"excerpt":{"rendered":"<p>A disparada no pre\u00e7o do diesel e as restri\u00e7\u00f5es de oferta j\u00e1 come\u00e7am a afetar diretamente o agroneg\u00f3cio brasileiro, justamente no per\u00edodo cr\u00edtico entre a colheita e o plantio da segunda safra. O cen\u00e1rio \u00e9 reflexo da alta internacional do petr\u00f3leo, impulsionada pela escalada do conflito envolvendo&nbsp;Estados Unidos,&nbsp;Israel&nbsp;e&nbsp;Ir\u00e3. Produtores de diversas regi\u00f5es, do Sul ao&#8230;<\/p>\n","protected":false},"author":1,"featured_media":10475,"comment_status":"open","ping_status":"closed","sticky":false,"template":"","format":"standard","meta":{"footnotes":""},"categories":[7],"tags":[],"class_list":["post-10474","post","type-post","status-publish","format-standard","has-post-thumbnail","hentry","category-economia"],"_links":{"self":[{"href":"https:\/\/cafecommessias.com.br\/index.php?rest_route=\/wp\/v2\/posts\/10474","targetHints":{"allow":["GET"]}}],"collection":[{"href":"https:\/\/cafecommessias.com.br\/index.php?rest_route=\/wp\/v2\/posts"}],"about":[{"href":"https:\/\/cafecommessias.com.br\/index.php?rest_route=\/wp\/v2\/types\/post"}],"author":[{"embeddable":true,"href":"https:\/\/cafecommessias.com.br\/index.php?rest_route=\/wp\/v2\/users\/1"}],"replies":[{"embeddable":true,"href":"https:\/\/cafecommessias.com.br\/index.php?rest_route=%2Fwp%2Fv2%2Fcomments&post=10474"}],"version-history":[{"count":1,"href":"https:\/\/cafecommessias.com.br\/index.php?rest_route=\/wp\/v2\/posts\/10474\/revisions"}],"predecessor-version":[{"id":10476,"href":"https:\/\/cafecommessias.com.br\/index.php?rest_route=\/wp\/v2\/posts\/10474\/revisions\/10476"}],"wp:featuredmedia":[{"embeddable":true,"href":"https:\/\/cafecommessias.com.br\/index.php?rest_route=\/wp\/v2\/media\/10475"}],"wp:attachment":[{"href":"https:\/\/cafecommessias.com.br\/index.php?rest_route=%2Fwp%2Fv2%2Fmedia&parent=10474"}],"wp:term":[{"taxonomy":"category","embeddable":true,"href":"https:\/\/cafecommessias.com.br\/index.php?rest_route=%2Fwp%2Fv2%2Fcategories&post=10474"},{"taxonomy":"post_tag","embeddable":true,"href":"https:\/\/cafecommessias.com.br\/index.php?rest_route=%2Fwp%2Fv2%2Ftags&post=10474"}],"curies":[{"name":"wp","href":"https:\/\/api.w.org\/{rel}","templated":true}]}}