{"id":10480,"date":"2026-03-24T10:42:39","date_gmt":"2026-03-24T13:42:39","guid":{"rendered":"https:\/\/cafecommessias.com.br\/?p=10480"},"modified":"2026-03-24T10:42:40","modified_gmt":"2026-03-24T13:42:40","slug":"reuniao-secreta-escancara-crise-e-aprofunda-divisao-interna-no-stf","status":"publish","type":"post","link":"https:\/\/cafecommessias.com.br\/?p=10480","title":{"rendered":"Reuni\u00e3o secreta escancara crise e aprofunda divis\u00e3o interna no STF"},"content":{"rendered":"\n<p>Uma reuni\u00e3o reservada no&nbsp;Supremo Tribunal Federal, realizada no \u00faltimo dia 12 de mar\u00e7o, exp\u00f4s o clima de tens\u00e3o entre ministros e aprofundou o racha interno em meio \u00e0s repercuss\u00f5es do caso envolvendo o Banco Master.<\/p>\n\n\n\n<p>O encontro foi articulado por&nbsp;Gilmar Mendes&nbsp;junto ao presidente da Corte,&nbsp;Edson Fachin. Inicialmente restrita aos dois, a reuni\u00e3o ganhou novos participantes poucos minutos depois, com a entrada de&nbsp;Alexandre de Moraes,&nbsp;Fl\u00e1vio Dino&nbsp;e&nbsp;Cristiano Zanin.<\/p>\n\n\n\n<p>Nos bastidores, parte dos ministros cobra de Fachin uma postura mais firme na defesa da imagem do tribunal, especialmente diante de suspeitas que envolvem colegas como Moraes e&nbsp;Dias Toffoli. O presidente, por\u00e9m, tem adotado um discurso de autoconten\u00e7\u00e3o, o que vem sendo interpretado como indireta e gerando inc\u00f4modo dentro da Corte.<\/p>\n\n\n\n<p>As diverg\u00eancias tamb\u00e9m passam pela condu\u00e7\u00e3o institucional da crise. Ministros pressionam para que Fachin assuma protagonismo e lidere uma resposta conjunta, enquanto criticam a aposta do presidente em pautas individuais, como a proposta de cria\u00e7\u00e3o de um c\u00f3digo de \u00e9tica para magistrados.<\/p>\n\n\n\n<p>Ap\u00f3s o encontro, decis\u00f5es de integrantes do STF foram vistas como reveses a investiga\u00e7\u00f5es em curso sobre o Banco Master. Ao mesmo tempo, Fachin articulou internamente para acelerar o julgamento que manteve a pris\u00e3o de&nbsp;Daniel Vorcaro, numa tentativa de conter o desgaste p\u00fablico.<\/p>\n\n\n\n<p>O epis\u00f3dio evidencia um tribunal dividido sobre como reagir \u00e0 crise e refor\u00e7a o clima de desconfian\u00e7a entre ministros em um dos momentos mais delicados recentes do Judici\u00e1rio brasileiro.<\/p>\n\n\n\n<p><em><sub>Por CNN<\/sub><\/em><\/p>\n\n\n\n<p class=\"has-text-align-center\"><strong><em>PUBLICIDADE<\/em><\/strong><\/p>\n\n\n\n<figure class=\"wp-block-image size-full\"><img loading=\"lazy\" decoding=\"async\" width=\"970\" height=\"250\" src=\"https:\/\/cafecommessias.com.br\/wp-content\/uploads\/2026\/03\/Lixo-nas-Ruas_970x250-1.png\" alt=\"\" class=\"wp-image-10455\" srcset=\"https:\/\/cafecommessias.com.br\/wp-content\/uploads\/2026\/03\/Lixo-nas-Ruas_970x250-1.png 970w, https:\/\/cafecommessias.com.br\/wp-content\/uploads\/2026\/03\/Lixo-nas-Ruas_970x250-1-300x77.png 300w, https:\/\/cafecommessias.com.br\/wp-content\/uploads\/2026\/03\/Lixo-nas-Ruas_970x250-1-768x198.png 768w\" sizes=\"auto, (max-width: 970px) 100vw, 970px\" \/><\/figure>\n","protected":false},"excerpt":{"rendered":"<p>Uma reuni\u00e3o reservada no&nbsp;Supremo Tribunal Federal, realizada no \u00faltimo dia 12 de mar\u00e7o, exp\u00f4s o clima de tens\u00e3o entre ministros e aprofundou o racha interno em meio \u00e0s repercuss\u00f5es do caso envolvendo o Banco Master. O encontro foi articulado por&nbsp;Gilmar Mendes&nbsp;junto ao presidente da Corte,&nbsp;Edson Fachin. Inicialmente restrita aos dois, a reuni\u00e3o ganhou novos participantes&#8230;<\/p>\n","protected":false},"author":1,"featured_media":10481,"comment_status":"open","ping_status":"open","sticky":false,"template":"","format":"standard","meta":{"footnotes":""},"categories":[4],"tags":[],"class_list":["post-10480","post","type-post","status-publish","format-standard","has-post-thumbnail","hentry","category-anuncie-aqui"],"_links":{"self":[{"href":"https:\/\/cafecommessias.com.br\/index.php?rest_route=\/wp\/v2\/posts\/10480","targetHints":{"allow":["GET"]}}],"collection":[{"href":"https:\/\/cafecommessias.com.br\/index.php?rest_route=\/wp\/v2\/posts"}],"about":[{"href":"https:\/\/cafecommessias.com.br\/index.php?rest_route=\/wp\/v2\/types\/post"}],"author":[{"embeddable":true,"href":"https:\/\/cafecommessias.com.br\/index.php?rest_route=\/wp\/v2\/users\/1"}],"replies":[{"embeddable":true,"href":"https:\/\/cafecommessias.com.br\/index.php?rest_route=%2Fwp%2Fv2%2Fcomments&post=10480"}],"version-history":[{"count":1,"href":"https:\/\/cafecommessias.com.br\/index.php?rest_route=\/wp\/v2\/posts\/10480\/revisions"}],"predecessor-version":[{"id":10482,"href":"https:\/\/cafecommessias.com.br\/index.php?rest_route=\/wp\/v2\/posts\/10480\/revisions\/10482"}],"wp:featuredmedia":[{"embeddable":true,"href":"https:\/\/cafecommessias.com.br\/index.php?rest_route=\/wp\/v2\/media\/10481"}],"wp:attachment":[{"href":"https:\/\/cafecommessias.com.br\/index.php?rest_route=%2Fwp%2Fv2%2Fmedia&parent=10480"}],"wp:term":[{"taxonomy":"category","embeddable":true,"href":"https:\/\/cafecommessias.com.br\/index.php?rest_route=%2Fwp%2Fv2%2Fcategories&post=10480"},{"taxonomy":"post_tag","embeddable":true,"href":"https:\/\/cafecommessias.com.br\/index.php?rest_route=%2Fwp%2Fv2%2Ftags&post=10480"}],"curies":[{"name":"wp","href":"https:\/\/api.w.org\/{rel}","templated":true}]}}