{"id":10493,"date":"2026-03-24T11:00:18","date_gmt":"2026-03-24T14:00:18","guid":{"rendered":"https:\/\/cafecommessias.com.br\/?p=10493"},"modified":"2026-03-24T11:01:11","modified_gmt":"2026-03-24T14:01:11","slug":"prefeito-reginaldo-vitorino-recebe-van-do-mobsuas-para-reforcar-assistencia-social-em-jandaira","status":"publish","type":"post","link":"https:\/\/cafecommessias.com.br\/?p=10493","title":{"rendered":"Prefeito Reginaldo Vitorino recebe van do MOBSUAS para refor\u00e7ar assist\u00eancia social em Janda\u00edra"},"content":{"rendered":"\n<p>O prefeito de Janda\u00edra, Reginaldo Vitorino, participou nesta segunda-feira (23), em Natal, da solenidade de entrega de vans do programa MOBSUAS, promovida pelo Governo Federal.<\/p>\n\n\n\n<figure class=\"wp-block-image size-full\"><img loading=\"lazy\" decoding=\"async\" width=\"700\" height=\"405\" src=\"https:\/\/cafecommessias.com.br\/wp-content\/uploads\/2026\/03\/screenshot-1774348916402.jpg\" alt=\"\" class=\"wp-image-10494\" srcset=\"https:\/\/cafecommessias.com.br\/wp-content\/uploads\/2026\/03\/screenshot-1774348916402.jpg 700w, https:\/\/cafecommessias.com.br\/wp-content\/uploads\/2026\/03\/screenshot-1774348916402-300x174.jpg 300w\" sizes=\"auto, (max-width: 700px) 100vw, 700px\" \/><\/figure>\n\n\n\n<p>Acompanhado do vice-prefeito Roberto, o gestor municipal recebeu uma van 0 km destinada ao fortalecimento da rede de assist\u00eancia social do munic\u00edpio. O ve\u00edculo ser\u00e1 utilizado para ampliar o atendimento \u00e0s fam\u00edlias em situa\u00e7\u00e3o de vulnerabilidade, tanto na zona urbana quanto na zona rural.<\/p>\n\n\n\n<figure class=\"wp-block-image size-full\"><img loading=\"lazy\" decoding=\"async\" width=\"700\" height=\"412\" src=\"https:\/\/cafecommessias.com.br\/wp-content\/uploads\/2026\/03\/reginaldo-1.jpg\" alt=\"\" class=\"wp-image-10495\" srcset=\"https:\/\/cafecommessias.com.br\/wp-content\/uploads\/2026\/03\/reginaldo-1.jpg 700w, https:\/\/cafecommessias.com.br\/wp-content\/uploads\/2026\/03\/reginaldo-1-300x177.jpg 300w\" sizes=\"auto, (max-width: 700px) 100vw, 700px\" \/><\/figure>\n\n\n\n<p>O evento contou com a presen\u00e7a do ministro do Desenvolvimento e Assist\u00eancia Social, Wellington Dias, e da governadora do Rio Grande do Norte, F\u00e1tima Bezerra.<\/p>\n\n\n\n<p>De acordo com o prefeito Reginaldo Vitorino, a chegada do ve\u00edculo representa um avan\u00e7o na estrutura da assist\u00eancia social do munic\u00edpio. Ele destacou que a iniciativa contribui para garantir maior alcance e qualidade nos servi\u00e7os prestados \u00e0 popula\u00e7\u00e3o.<\/p>\n\n\n\n<p>O gestor tamb\u00e9m afirmou que a conquista \u00e9 resultado de articula\u00e7\u00e3o pol\u00edtica junto ao deputado federal Fernando Mineiro, com apoio do presidente Luiz In\u00e1cio Lula da Silva e do Governo do Estado.<\/p>\n","protected":false},"excerpt":{"rendered":"<p>O prefeito de Janda\u00edra, Reginaldo Vitorino, participou nesta segunda-feira (23), em Natal, da solenidade de entrega de vans do programa MOBSUAS, promovida pelo Governo Federal. Acompanhado do vice-prefeito Roberto, o gestor municipal recebeu uma van 0 km destinada ao fortalecimento da rede de assist\u00eancia social do munic\u00edpio. O ve\u00edculo ser\u00e1 utilizado para ampliar o atendimento&#8230;<\/p>\n","protected":false},"author":1,"featured_media":10496,"comment_status":"open","ping_status":"closed","sticky":false,"template":"","format":"standard","meta":{"footnotes":""},"categories":[8],"tags":[],"class_list":["post-10493","post","type-post","status-publish","format-standard","has-post-thumbnail","hentry","category-cidades"],"_links":{"self":[{"href":"https:\/\/cafecommessias.com.br\/index.php?rest_route=\/wp\/v2\/posts\/10493","targetHints":{"allow":["GET"]}}],"collection":[{"href":"https:\/\/cafecommessias.com.br\/index.php?rest_route=\/wp\/v2\/posts"}],"about":[{"href":"https:\/\/cafecommessias.com.br\/index.php?rest_route=\/wp\/v2\/types\/post"}],"author":[{"embeddable":true,"href":"https:\/\/cafecommessias.com.br\/index.php?rest_route=\/wp\/v2\/users\/1"}],"replies":[{"embeddable":true,"href":"https:\/\/cafecommessias.com.br\/index.php?rest_route=%2Fwp%2Fv2%2Fcomments&post=10493"}],"version-history":[{"count":1,"href":"https:\/\/cafecommessias.com.br\/index.php?rest_route=\/wp\/v2\/posts\/10493\/revisions"}],"predecessor-version":[{"id":10497,"href":"https:\/\/cafecommessias.com.br\/index.php?rest_route=\/wp\/v2\/posts\/10493\/revisions\/10497"}],"wp:featuredmedia":[{"embeddable":true,"href":"https:\/\/cafecommessias.com.br\/index.php?rest_route=\/wp\/v2\/media\/10496"}],"wp:attachment":[{"href":"https:\/\/cafecommessias.com.br\/index.php?rest_route=%2Fwp%2Fv2%2Fmedia&parent=10493"}],"wp:term":[{"taxonomy":"category","embeddable":true,"href":"https:\/\/cafecommessias.com.br\/index.php?rest_route=%2Fwp%2Fv2%2Fcategories&post=10493"},{"taxonomy":"post_tag","embeddable":true,"href":"https:\/\/cafecommessias.com.br\/index.php?rest_route=%2Fwp%2Fv2%2Ftags&post=10493"}],"curies":[{"name":"wp","href":"https:\/\/api.w.org\/{rel}","templated":true}]}}