{"id":10498,"date":"2026-03-24T11:33:22","date_gmt":"2026-03-24T14:33:22","guid":{"rendered":"https:\/\/cafecommessias.com.br\/?p=10498"},"modified":"2026-03-24T11:37:31","modified_gmt":"2026-03-24T14:37:31","slug":"oab-rn-e-caarn-lancam-campanha-de-vacinacao-contra-a-gripe-para-advocacia-potiguar-com-dia-d-em-natal","status":"publish","type":"post","link":"https:\/\/cafecommessias.com.br\/?p=10498","title":{"rendered":"OAB\/RN e CAARN lan\u00e7am campanha de vacina\u00e7\u00e3o contra a gripe para advocacia potiguar com Dia D em Natal"},"content":{"rendered":"\n<p>A Caixa de Assist\u00eancia dos Advogados do Rio Grande do Norte (CAARN), vinculada \u00e0 Ordem dos Advogados do Brasil no RN (OAB\/RN), lan\u00e7a no pr\u00f3ximo dia 28 de mar\u00e7o a campanha anual de vacina\u00e7\u00e3o contra a gripe voltada \u00e0 advocacia potiguar. A iniciativa ter\u00e1 in\u00edcio em Natal, seguindo o calend\u00e1rio estabelecido pelo Conselho Federal da OAB e pelo Minist\u00e9rio da Sa\u00fade.<\/p>\n\n\n\n<p>Em Natal, a campanha contar\u00e1 com um Dia D de vacina\u00e7\u00e3o, que ser\u00e1 realizado na Arena da Advocacia, das 8h \u00e0s 16h, oferecendo um ponto estrat\u00e9gico e de f\u00e1cil acesso para a imuniza\u00e7\u00e3o dos profissionais. Al\u00e9m disso, a vacina\u00e7\u00e3o seguir\u00e1 na capital no per\u00edodo de 30 de mar\u00e7o a 10 de abril, na Cl\u00ednica da Advocacia, das 8h \u00e0s 17h, ampliando o acesso \u00e0 imuniza\u00e7\u00e3o para a categoria.<\/p>\n\n\n\n<p>A vacina disponibilizada \u00e9 do tipo trivalente monodose, que protege contra duas cepas do v\u00edrus Influenza A (H1N1 e H3N2) e uma cepa de Influenza B. A imuniza\u00e7\u00e3o amplia a prote\u00e7\u00e3o contra os v\u00edrus com maior circula\u00e7\u00e3o no mundo, sendo essencial especialmente em per\u00edodos de aumento das doen\u00e7as respirat\u00f3rias. A vacina tamb\u00e9m pode ser aplicada em mulheres gr\u00e1vidas e pessoas com alergia \u00e0 prote\u00edna do ovo, conforme orienta\u00e7\u00e3o de seguran\u00e7a.<\/p>\n\n\n\n<p>A campanha ocorre em um momento estrat\u00e9gico, marcado pela maior incid\u00eancia de s\u00edndromes gripais, e tem como foco proteger advogadas e advogados que atuam diariamente em contato direto com o p\u00fablico, seja em f\u00f3runs, audi\u00eancias ou reparti\u00e7\u00f5es p\u00fablicas. A a\u00e7\u00e3o contribui para a redu\u00e7\u00e3o de afastamentos e para a manuten\u00e7\u00e3o da atividade profissional com seguran\u00e7a.<\/p>\n\n\n\n<p>Em Mossor\u00f3, a vacina\u00e7\u00e3o acontecer\u00e1 no dia 30 de mar\u00e7o, na Casa da Advocacia, ampliando o alcance da campanha no interior do estado. As demais subse\u00e7\u00f5es da OAB\/RN tamb\u00e9m receber\u00e3o a a\u00e7\u00e3o na sequ\u00eancia, conforme cronograma que ser\u00e1 disponibilizado em breve pela CAARN.<\/p>\n\n\n\n<p>Para a presidente da CAARN, Ursula Bezerra, a iniciativa refor\u00e7a o compromisso da institui\u00e7\u00e3o com o cuidado integral da advocacia. \u201cCuidar da sa\u00fade da advocacia \u00e9 tamb\u00e9m cuidar da qualidade do servi\u00e7o prestado \u00e0 sociedade. Essa campanha \u00e9 um gesto concreto de valoriza\u00e7\u00e3o da categoria, garantindo acesso \u00e0 preven\u00e7\u00e3o em um momento de maior vulnerabilidade \u00e0s doen\u00e7as respirat\u00f3rias\u201d, destacou.<\/p>\n\n\n\n<p>O presidente da OAB\/RN, Carlos Kelsen, tamb\u00e9m ressaltou a import\u00e2ncia da vacina\u00e7\u00e3o como medida de prote\u00e7\u00e3o coletiva. \u201cA vacina\u00e7\u00e3o \u00e9 uma medida essencial de prote\u00e7\u00e3o individual e coletiva. Ao garantir esse acesso \u00e0 advocacia, fortalecemos n\u00e3o apenas a categoria, mas tamb\u00e9m a pr\u00f3pria presta\u00e7\u00e3o da justi\u00e7a, que depende de profissionais saud\u00e1veis e em plena atividade\u201d, afirmou.<\/p>\n\n\n\n<p>A campanha reafirma o papel da CAARN na promo\u00e7\u00e3o da sa\u00fade e bem-estar da advocacia potiguar, fortalecendo a\u00e7\u00f5es preventivas e ampliando o cuidado com os profissionais em todo o estado.<\/p>\n\n\n\n<p>Para mais informa\u00e7\u00f5es, acesse o Instagram @caarn e baixe o aplicativo CAARN\/OAB.<\/p>\n\n\n\n<p>Servi\u00e7o:<br>Dia D de Vacina\u00e7\u00e3o em Natal<br>Local: Arena da Advocacia<br>Endere\u00e7o: Av. dos Xavantes, 2927 \u2013 Pitimbu, Natal \u2013 RN, 59067-600<br>Data: 28 de mar\u00e7o<br>Hor\u00e1rio: Das 8h \u00e0s 16h<\/p>\n\n\n\n<p>Vacina\u00e7\u00e3o em Natal (continuidade da campanha)<br>Local: Cl\u00ednica da Advocacia<br>Per\u00edodo: 30 de mar\u00e7o a 10 de abril<br>Hor\u00e1rio: Das 8h \u00e0s 17h<\/p>\n\n\n\n<p class=\"has-text-align-center\"><strong><em>PUBLICIDADE<\/em><\/strong><\/p>\n\n\n\n<figure class=\"wp-block-image size-full\"><img loading=\"lazy\" decoding=\"async\" width=\"750\" height=\"200\" src=\"https:\/\/cafecommessias.com.br\/wp-content\/uploads\/2026\/03\/Banner-1-ANO-750x200px-3.png\" alt=\"\" class=\"wp-image-10226\" srcset=\"https:\/\/cafecommessias.com.br\/wp-content\/uploads\/2026\/03\/Banner-1-ANO-750x200px-3.png 750w, https:\/\/cafecommessias.com.br\/wp-content\/uploads\/2026\/03\/Banner-1-ANO-750x200px-3-300x80.png 300w\" sizes=\"auto, (max-width: 750px) 100vw, 750px\" \/><\/figure>\n","protected":false},"excerpt":{"rendered":"<p>A Caixa de Assist\u00eancia dos Advogados do Rio Grande do Norte (CAARN), vinculada \u00e0 Ordem dos Advogados do Brasil no RN (OAB\/RN), lan\u00e7a no pr\u00f3ximo dia 28 de mar\u00e7o a campanha anual de vacina\u00e7\u00e3o contra a gripe voltada \u00e0 advocacia potiguar. A iniciativa ter\u00e1 in\u00edcio em Natal, seguindo o calend\u00e1rio estabelecido pelo Conselho Federal da&#8230;<\/p>\n","protected":false},"author":1,"featured_media":10499,"comment_status":"open","ping_status":"closed","sticky":false,"template":"","format":"standard","meta":{"footnotes":""},"categories":[4,1],"tags":[],"class_list":["post-10498","post","type-post","status-publish","format-standard","has-post-thumbnail","hentry","category-anuncie-aqui","category-saude"],"_links":{"self":[{"href":"https:\/\/cafecommessias.com.br\/index.php?rest_route=\/wp\/v2\/posts\/10498","targetHints":{"allow":["GET"]}}],"collection":[{"href":"https:\/\/cafecommessias.com.br\/index.php?rest_route=\/wp\/v2\/posts"}],"about":[{"href":"https:\/\/cafecommessias.com.br\/index.php?rest_route=\/wp\/v2\/types\/post"}],"author":[{"embeddable":true,"href":"https:\/\/cafecommessias.com.br\/index.php?rest_route=\/wp\/v2\/users\/1"}],"replies":[{"embeddable":true,"href":"https:\/\/cafecommessias.com.br\/index.php?rest_route=%2Fwp%2Fv2%2Fcomments&post=10498"}],"version-history":[{"count":1,"href":"https:\/\/cafecommessias.com.br\/index.php?rest_route=\/wp\/v2\/posts\/10498\/revisions"}],"predecessor-version":[{"id":10500,"href":"https:\/\/cafecommessias.com.br\/index.php?rest_route=\/wp\/v2\/posts\/10498\/revisions\/10500"}],"wp:featuredmedia":[{"embeddable":true,"href":"https:\/\/cafecommessias.com.br\/index.php?rest_route=\/wp\/v2\/media\/10499"}],"wp:attachment":[{"href":"https:\/\/cafecommessias.com.br\/index.php?rest_route=%2Fwp%2Fv2%2Fmedia&parent=10498"}],"wp:term":[{"taxonomy":"category","embeddable":true,"href":"https:\/\/cafecommessias.com.br\/index.php?rest_route=%2Fwp%2Fv2%2Fcategories&post=10498"},{"taxonomy":"post_tag","embeddable":true,"href":"https:\/\/cafecommessias.com.br\/index.php?rest_route=%2Fwp%2Fv2%2Ftags&post=10498"}],"curies":[{"name":"wp","href":"https:\/\/api.w.org\/{rel}","templated":true}]}}