{"id":10511,"date":"2026-03-24T11:56:20","date_gmt":"2026-03-24T14:56:20","guid":{"rendered":"https:\/\/cafecommessias.com.br\/?p=10511"},"modified":"2026-03-24T11:56:40","modified_gmt":"2026-03-24T14:56:40","slug":"prefeitura-de-sao-goncalo-avanca-com-programa-corte-de-terra-2026-e-ja-ultrapassa-1-100-horas-de-servicos-executados","status":"publish","type":"post","link":"https:\/\/cafecommessias.com.br\/?p=10511","title":{"rendered":"Prefeitura de S\u00e3o Gon\u00e7alo avan\u00e7a com Programa Corte de Terra 2026 e j\u00e1 ultrapassa 1.100 horas de servi\u00e7os executados"},"content":{"rendered":"\n<p>A Prefeitura de S\u00e3o Gon\u00e7alo do Amarante, por meio da Secretaria Municipal de Agropecu\u00e1ria, Desenvolvimento Agr\u00e1rio, Pesca e Aquicultura (SEMADA), segue avan\u00e7ando com a execu\u00e7\u00e3o do Programa Corte de Terra 2026. Iniciada em 26 de fevereiro, a iniciativa j\u00e1 soma mais de 1.130 horas de ara\u00e7\u00e3o de terras, beneficiando cerca de 565 pequenos agricultores do munic\u00edpio.<\/p>\n\n\n\n<figure class=\"wp-block-image size-large\"><img loading=\"lazy\" decoding=\"async\" width=\"1024\" height=\"576\" src=\"https:\/\/cafecommessias.com.br\/wp-content\/uploads\/2026\/03\/WhatsApp-Image-2026-03-23-at-18.08.29-1024x576.jpeg\" alt=\"\" class=\"wp-image-10512\" srcset=\"https:\/\/cafecommessias.com.br\/wp-content\/uploads\/2026\/03\/WhatsApp-Image-2026-03-23-at-18.08.29-1024x576.jpeg 1024w, https:\/\/cafecommessias.com.br\/wp-content\/uploads\/2026\/03\/WhatsApp-Image-2026-03-23-at-18.08.29-300x169.jpeg 300w, https:\/\/cafecommessias.com.br\/wp-content\/uploads\/2026\/03\/WhatsApp-Image-2026-03-23-at-18.08.29-768x432.jpeg 768w, https:\/\/cafecommessias.com.br\/wp-content\/uploads\/2026\/03\/WhatsApp-Image-2026-03-23-at-18.08.29.jpeg 1040w\" sizes=\"auto, (max-width: 1024px) 100vw, 1024px\" \/><\/figure>\n\n\n\n<p>O programa garante at\u00e9 duas horas-trator por produtor rural, contribuindo para a prepara\u00e7\u00e3o do solo e fortalecendo a produ\u00e7\u00e3o agr\u00edcola local. De acordo com o secret\u00e1rio da pasta, Jarbas Cavalcanti, em menos de um m\u00eas foram realizadas mais de 900 horas de corte de terra com tratores locados e outras 230 horas com equipamentos pr\u00f3prios da Prefeitura.<\/p>\n\n\n\n<p>Diversas comunidades rurais j\u00e1 foram contempladas pela a\u00e7\u00e3o, entre elas Olho D\u2019\u00c1gua do Chap\u00e9u, Jacar\u00e9-Mirim, Barro Duro, Po\u00e7o de Pedra, Ch\u00e3 do Moreno, Ladeira Grande, Guanduba, Serrinha, Alagadi\u00e7o Grande, Utinga, Coqueiros, Padre Jo\u00e3o Maria, Santa Terezinha, Jacobina, Bela Vista, Jacara\u00fa, Igreja Nova, Novo S\u00e3o Gon\u00e7alo, Cana\u00e3, Capim A\u00e7\u00fa, Novo Santo Ant\u00f4nio, Santo Ant\u00f4nio, Loteamento Jardim Reden\u00e7\u00e3o, Rio da Prata, S\u00edtio Breu, Milharada e Arisco.<\/p>\n\n\n\n<p>A gest\u00e3o municipal, liderada pelo prefeito Jaime Calado, contratou nove tratores para a execu\u00e7\u00e3o de duas mil horas de servi\u00e7os, al\u00e9m de contar com tr\u00eas equipamentos pr\u00f3prios, que totalizam 12 tratores no programa, refor\u00e7ando as atividades no campo.<br>No \u00faltimo s\u00e1bado (21), a SEMADA promoveu um mutir\u00e3o na comunidade de Ma\u00e7aranduba, atendendo 18 agricultores com duas horas-trator cada. Tamb\u00e9m houve a\u00e7\u00f5es nas comunidades de Po\u00e7o de Pedra, entre s\u00e1bado (21) e domingo (22).<\/p>\n\n\n\n<p>A Prefeitura segue com o cronograma de atendimento nas comunidades rurais e aguarda a chegada das sementes enviadas pelo Governo do Estado para iniciar a distribui\u00e7\u00e3o aos agricultores cadastrados no banco de sementes do munic\u00edpio.<\/p>\n","protected":false},"excerpt":{"rendered":"<p>A Prefeitura de S\u00e3o Gon\u00e7alo do Amarante, por meio da Secretaria Municipal de Agropecu\u00e1ria, Desenvolvimento Agr\u00e1rio, Pesca e Aquicultura (SEMADA), segue avan\u00e7ando com a execu\u00e7\u00e3o do Programa Corte de Terra 2026. Iniciada em 26 de fevereiro, a iniciativa j\u00e1 soma mais de 1.130 horas de ara\u00e7\u00e3o de terras, beneficiando cerca de 565 pequenos agricultores do&#8230;<\/p>\n","protected":false},"author":1,"featured_media":10513,"comment_status":"open","ping_status":"closed","sticky":false,"template":"","format":"standard","meta":{"footnotes":""},"categories":[8],"tags":[],"class_list":["post-10511","post","type-post","status-publish","format-standard","has-post-thumbnail","hentry","category-cidades"],"_links":{"self":[{"href":"https:\/\/cafecommessias.com.br\/index.php?rest_route=\/wp\/v2\/posts\/10511","targetHints":{"allow":["GET"]}}],"collection":[{"href":"https:\/\/cafecommessias.com.br\/index.php?rest_route=\/wp\/v2\/posts"}],"about":[{"href":"https:\/\/cafecommessias.com.br\/index.php?rest_route=\/wp\/v2\/types\/post"}],"author":[{"embeddable":true,"href":"https:\/\/cafecommessias.com.br\/index.php?rest_route=\/wp\/v2\/users\/1"}],"replies":[{"embeddable":true,"href":"https:\/\/cafecommessias.com.br\/index.php?rest_route=%2Fwp%2Fv2%2Fcomments&post=10511"}],"version-history":[{"count":1,"href":"https:\/\/cafecommessias.com.br\/index.php?rest_route=\/wp\/v2\/posts\/10511\/revisions"}],"predecessor-version":[{"id":10514,"href":"https:\/\/cafecommessias.com.br\/index.php?rest_route=\/wp\/v2\/posts\/10511\/revisions\/10514"}],"wp:featuredmedia":[{"embeddable":true,"href":"https:\/\/cafecommessias.com.br\/index.php?rest_route=\/wp\/v2\/media\/10513"}],"wp:attachment":[{"href":"https:\/\/cafecommessias.com.br\/index.php?rest_route=%2Fwp%2Fv2%2Fmedia&parent=10511"}],"wp:term":[{"taxonomy":"category","embeddable":true,"href":"https:\/\/cafecommessias.com.br\/index.php?rest_route=%2Fwp%2Fv2%2Fcategories&post=10511"},{"taxonomy":"post_tag","embeddable":true,"href":"https:\/\/cafecommessias.com.br\/index.php?rest_route=%2Fwp%2Fv2%2Ftags&post=10511"}],"curies":[{"name":"wp","href":"https:\/\/api.w.org\/{rel}","templated":true}]}}