{"id":10518,"date":"2026-03-24T12:01:12","date_gmt":"2026-03-24T15:01:12","guid":{"rendered":"https:\/\/cafecommessias.com.br\/?p=10518"},"modified":"2026-03-24T12:01:28","modified_gmt":"2026-03-24T15:01:28","slug":"mais-de-200-procedimentos-sao-realizados-no-mutirao-de-saude-da-mulher-em-natal","status":"publish","type":"post","link":"https:\/\/cafecommessias.com.br\/?p=10518","title":{"rendered":"Mais de 200 procedimentos s\u00e3o realizados no Mutir\u00e3o de Sa\u00fade da Mulher em Natal"},"content":{"rendered":"\n<p>A sa\u00fade da popula\u00e7\u00e3o feminina de Natal foi destaque neste s\u00e1bado (21) e domingo (22) com a realiza\u00e7\u00e3o do Mutir\u00e3o de Sa\u00fade da Mulher. A iniciativa, vinculada ao Programa Agora Tem Especialistas (ATE), do Minist\u00e9rio da Sa\u00fade, teve como foco ampliar o acesso a cirurgias eletivas especializadas no \u00e2mbito do Sistema \u00danico de Sa\u00fade (SUS).<\/p>\n\n\n\n<p>Nos dois dias de mobiliza\u00e7\u00e3o, foram realizados cerca de 295 procedimentos, incluindo cirurgias de catarata, vitrectomias, cirurgias de estrabismo, al\u00e9m de exames como resson\u00e2ncia, tomografia e ultrassonografia. As pacientes atendidas foram priorizadas a partir da fila de espera do sistema de regula\u00e7\u00e3o do munic\u00edpio e encaminhadas para tr\u00eas prestadores conveniados: Hospital da Vis\u00e3o de Natal, Cl\u00ednica de Olhos Natal e Hospital Memorial S\u00e3o Francisco.<\/p>\n\n\n\n<p>A diretora do Departamento de Regula\u00e7\u00e3o, Avalia\u00e7\u00e3o e Controle (DERAC) da SMS Natal, Ludmila Oliveira, comentou a iniciativa. \u201cNeste fim de semana, Natal aderiu ao mutir\u00e3o nacional e ofertou diversos atendimentos voltados \u00e0 sa\u00fade da mulher, especialmente procedimentos cir\u00fargicos e exames de imagem. Todas as pacientes j\u00e1 estavam na regula\u00e7\u00e3o e, com a a\u00e7\u00e3o, puderam realizar esses procedimentos com mais rapidez, ampliando o cuidado e contribuindo para a redu\u00e7\u00e3o da fila de espera do munic\u00edpio.\u201d<\/p>\n\n\n\n<p>O Mutir\u00e3o de Sa\u00fade da Mulher \u00e9 uma iniciativa do Minist\u00e9rio da Sa\u00fade realizada no contexto das a\u00e7\u00f5es alusivas ao Dia Internacional da Mulher, celebrado no m\u00eas de mar\u00e7o, com o objetivo de ampliar o acesso aos servi\u00e7os especializados e reduzir o tempo de espera na rede p\u00fablica.<\/p>\n\n\n\n<p><\/p>\n","protected":false},"excerpt":{"rendered":"<p>A sa\u00fade da popula\u00e7\u00e3o feminina de Natal foi destaque neste s\u00e1bado (21) e domingo (22) com a realiza\u00e7\u00e3o do Mutir\u00e3o de Sa\u00fade da Mulher. A iniciativa, vinculada ao Programa Agora Tem Especialistas (ATE), do Minist\u00e9rio da Sa\u00fade, teve como foco ampliar o acesso a cirurgias eletivas especializadas no \u00e2mbito do Sistema \u00danico de Sa\u00fade (SUS)&#8230;.<\/p>\n","protected":false},"author":1,"featured_media":10519,"comment_status":"open","ping_status":"closed","sticky":false,"template":"","format":"standard","meta":{"footnotes":""},"categories":[36],"tags":[],"class_list":["post-10518","post","type-post","status-publish","format-standard","has-post-thumbnail","hentry","category-natal"],"_links":{"self":[{"href":"https:\/\/cafecommessias.com.br\/index.php?rest_route=\/wp\/v2\/posts\/10518","targetHints":{"allow":["GET"]}}],"collection":[{"href":"https:\/\/cafecommessias.com.br\/index.php?rest_route=\/wp\/v2\/posts"}],"about":[{"href":"https:\/\/cafecommessias.com.br\/index.php?rest_route=\/wp\/v2\/types\/post"}],"author":[{"embeddable":true,"href":"https:\/\/cafecommessias.com.br\/index.php?rest_route=\/wp\/v2\/users\/1"}],"replies":[{"embeddable":true,"href":"https:\/\/cafecommessias.com.br\/index.php?rest_route=%2Fwp%2Fv2%2Fcomments&post=10518"}],"version-history":[{"count":1,"href":"https:\/\/cafecommessias.com.br\/index.php?rest_route=\/wp\/v2\/posts\/10518\/revisions"}],"predecessor-version":[{"id":10520,"href":"https:\/\/cafecommessias.com.br\/index.php?rest_route=\/wp\/v2\/posts\/10518\/revisions\/10520"}],"wp:featuredmedia":[{"embeddable":true,"href":"https:\/\/cafecommessias.com.br\/index.php?rest_route=\/wp\/v2\/media\/10519"}],"wp:attachment":[{"href":"https:\/\/cafecommessias.com.br\/index.php?rest_route=%2Fwp%2Fv2%2Fmedia&parent=10518"}],"wp:term":[{"taxonomy":"category","embeddable":true,"href":"https:\/\/cafecommessias.com.br\/index.php?rest_route=%2Fwp%2Fv2%2Fcategories&post=10518"},{"taxonomy":"post_tag","embeddable":true,"href":"https:\/\/cafecommessias.com.br\/index.php?rest_route=%2Fwp%2Fv2%2Ftags&post=10518"}],"curies":[{"name":"wp","href":"https:\/\/api.w.org\/{rel}","templated":true}]}}