{"id":10543,"date":"2026-03-26T21:40:07","date_gmt":"2026-03-27T00:40:07","guid":{"rendered":"http:\/\/cafecommessias.com.br\/?p=10543"},"modified":"2026-03-26T21:40:27","modified_gmt":"2026-03-27T00:40:27","slug":"prefeita-marina-trindade-inaugura-novo-mercado-publico-e-anuncia-pacote-de-obras-no-centro-de-pedro-avelino","status":"publish","type":"post","link":"https:\/\/cafecommessias.com.br\/?p=10543","title":{"rendered":"Prefeita Marina Trindade inaugura novo Mercado P\u00fablico e anuncia pacote de obras no centro de Pedro Avelino"},"content":{"rendered":"\n<p>Pedro Avelino viveu um momento hist\u00f3rico nesta quinta-feira com a inaugura\u00e7\u00e3o do novo Mercado P\u00fablico Municipal, um equipamento aguardado h\u00e1 anos pela popula\u00e7\u00e3o e que agora se torna s\u00edmbolo de desenvolvimento, fortalecimento da economia local e valoriza\u00e7\u00e3o das tradi\u00e7\u00f5es do munic\u00edpio.<\/p>\n\n\n\n<p>A solenidade contou com grande participa\u00e7\u00e3o popular, reunindo moradores, lideran\u00e7as locais e autoridades em um ambiente marcado por emo\u00e7\u00e3o e sentimento de conquista coletiva. O espa\u00e7o, moderno e estruturado, foi pensado para oferecer mais conforto, organiza\u00e7\u00e3o e dignidade tanto para comerciantes quanto para a popula\u00e7\u00e3o.<\/p>\n\n\n\n<p>Durante o evento, a prefeita Marina Teodoro da Trindade destacou a import\u00e2ncia da obra para o presente e o futuro da cidade. Em sua fala, ressaltou que o mercado representa n\u00e3o apenas uma entrega f\u00edsica, mas um novo ciclo de oportunidades para gera\u00e7\u00e3o de renda e fortalecimento da economia local.<\/p>\n\n\n\n<p>Na ocasi\u00e3o, a prefeita tamb\u00e9m assinou a ordem de servi\u00e7o para a constru\u00e7\u00e3o de um complexo de obras no entorno do mercado, que inclui um playground e uma academia voltada para os jovens, ampliando o espa\u00e7o como um ponto de conviv\u00eancia, lazer e integra\u00e7\u00e3o social.<\/p>\n\n\n\n<p>O evento contou ainda com a presen\u00e7a do deputado estadual Tomba Farias, que, em um discurso emocionado, destacou a import\u00e2ncia da entrega do equipamento como o cumprimento de um compromisso firmado com a popula\u00e7\u00e3o. Segundo ele, a obra s\u00f3 foi poss\u00edvel gra\u00e7as \u00e0 sua articula\u00e7\u00e3o, com o apoio e empenho do ent\u00e3o senador Rog\u00e9rio Marinho.<\/p>\n\n\n\n<p>Com investimento superior a R$ 1 milh\u00e3o, o novo Mercado P\u00fablico Municipal j\u00e1 est\u00e1 em pleno funcionamento e passa a oferecer uma estrutura adequada para comercializa\u00e7\u00e3o de produtos, al\u00e9m de promover mais conforto, lazer e qualidade de vida para toda a popula\u00e7\u00e3o de Pedro Avelino.<\/p>\n\n\n\n<p>A entrega refor\u00e7a o compromisso da gest\u00e3o municipal com o desenvolvimento urbano, a valoriza\u00e7\u00e3o dos espa\u00e7os p\u00fablicos e o cuidado com as pessoas, consolidando mais um avan\u00e7o importante para o munic\u00edpio.<\/p>\n\n\n<div class=\"wp-block-post-author\"><div class=\"wp-block-post-author__avatar\"><img alt='' src='https:\/\/secure.gravatar.com\/avatar\/a62bcf199877d37056dc55ccc32b6decbd05abb46ce616ef4c38b16491e4d91d?s=48&#038;r=g' srcset='https:\/\/secure.gravatar.com\/avatar\/a62bcf199877d37056dc55ccc32b6decbd05abb46ce616ef4c38b16491e4d91d?s=96&#038;r=g 2x' class='avatar avatar-48 photo' height='48' width='48' \/><\/div><div class=\"wp-block-post-author__content\"><p class=\"wp-block-post-author__name\">Blogcafecommessias<\/p><\/div><\/div>\n\n\n<p><\/p>\n","protected":false},"excerpt":{"rendered":"<p>Pedro Avelino viveu um momento hist\u00f3rico nesta quinta-feira com a inaugura\u00e7\u00e3o do novo Mercado P\u00fablico Municipal, um equipamento aguardado h\u00e1 anos pela popula\u00e7\u00e3o e que agora se torna s\u00edmbolo de desenvolvimento, fortalecimento da economia local e valoriza\u00e7\u00e3o das tradi\u00e7\u00f5es do munic\u00edpio. A solenidade contou com grande participa\u00e7\u00e3o popular, reunindo moradores, lideran\u00e7as locais e autoridades em&#8230;<\/p>\n","protected":false},"author":1,"featured_media":10544,"comment_status":"open","ping_status":"closed","sticky":false,"template":"","format":"standard","meta":{"footnotes":""},"categories":[8],"tags":[],"class_list":["post-10543","post","type-post","status-publish","format-standard","has-post-thumbnail","hentry","category-cidades"],"_links":{"self":[{"href":"https:\/\/cafecommessias.com.br\/index.php?rest_route=\/wp\/v2\/posts\/10543","targetHints":{"allow":["GET"]}}],"collection":[{"href":"https:\/\/cafecommessias.com.br\/index.php?rest_route=\/wp\/v2\/posts"}],"about":[{"href":"https:\/\/cafecommessias.com.br\/index.php?rest_route=\/wp\/v2\/types\/post"}],"author":[{"embeddable":true,"href":"https:\/\/cafecommessias.com.br\/index.php?rest_route=\/wp\/v2\/users\/1"}],"replies":[{"embeddable":true,"href":"https:\/\/cafecommessias.com.br\/index.php?rest_route=%2Fwp%2Fv2%2Fcomments&post=10543"}],"version-history":[{"count":1,"href":"https:\/\/cafecommessias.com.br\/index.php?rest_route=\/wp\/v2\/posts\/10543\/revisions"}],"predecessor-version":[{"id":10545,"href":"https:\/\/cafecommessias.com.br\/index.php?rest_route=\/wp\/v2\/posts\/10543\/revisions\/10545"}],"wp:featuredmedia":[{"embeddable":true,"href":"https:\/\/cafecommessias.com.br\/index.php?rest_route=\/wp\/v2\/media\/10544"}],"wp:attachment":[{"href":"https:\/\/cafecommessias.com.br\/index.php?rest_route=%2Fwp%2Fv2%2Fmedia&parent=10543"}],"wp:term":[{"taxonomy":"category","embeddable":true,"href":"https:\/\/cafecommessias.com.br\/index.php?rest_route=%2Fwp%2Fv2%2Fcategories&post=10543"},{"taxonomy":"post_tag","embeddable":true,"href":"https:\/\/cafecommessias.com.br\/index.php?rest_route=%2Fwp%2Fv2%2Ftags&post=10543"}],"curies":[{"name":"wp","href":"https:\/\/api.w.org\/{rel}","templated":true}]}}