{"id":10546,"date":"2026-03-26T21:41:54","date_gmt":"2026-03-27T00:41:54","guid":{"rendered":"http:\/\/cafecommessias.com.br\/?p=10546"},"modified":"2026-03-26T21:42:15","modified_gmt":"2026-03-27T00:42:15","slug":"stf-forma-maioria-contra-prorrogacao-da-cpmi-no-inss","status":"publish","type":"post","link":"https:\/\/cafecommessias.com.br\/?p=10546","title":{"rendered":"STF forma maioria contra prorroga\u00e7\u00e3o da CPMI no INSS"},"content":{"rendered":"\n<p>O Supremo Tribunal Federal (STF) decidiu nesta quinta-feira (26) por 7 votos a 2 contra a prorroga\u00e7\u00e3o da CPMI do INSS. Os ministros Andr\u00e9 Mendon\u00e7a e Luiz Fux votaram a favor da liminar que determina o adiamento da comiss\u00e3o. J\u00e1 os magistrados Fl\u00e1vio Dino, Alexandre de Moraes, Cristiano Zanin, Kassio Nunes Marques, Dias Toffoli, Carmem L\u00facia e Gilmar Mendes votaram juntos em diverg\u00eancia a Mendon\u00e7a e Fux e formaram a maioria.<\/p>\n\n\n\n<p>Ainda resta o presidente da Corte, Edson Fachin, para determinar o \u00faltimo voto.<\/p>\n\n\n\n<p>Na \u00faltima segunda-feira (23), Mendon\u00e7a j\u00e1 havia determinado que o presidente do Congresso Nacional, Davi Alcolumbre (Uni\u00e3o-AP), oficializasse a prorroga\u00e7\u00e3o da CPMI em at\u00e9 48h. Ele atendeu a um mandado de seguran\u00e7a da c\u00fapula do colegiado, que acusou Alcolumbre de omiss\u00e3o por n\u00e3o ler o requerimento de extens\u00e3o dos trabalhos.<\/p>\n\n\n\n<p>Em caso de in\u00e9rcia de Alcolumbre em ler o requerimento, Mendon\u00e7a determinou que a presid\u00eancia da CPI \u201cestar\u00e1 imediatamente autorizada a prorrogar o funcionamento regular\u201d dos trabalhos pelo prazo que a minoria parlamentar entender necess\u00e1rio.<\/p>\n\n\n\n<p><em><sub>Por Jovem Pan News<\/sub><\/em><\/p>\n","protected":false},"excerpt":{"rendered":"<p>O Supremo Tribunal Federal (STF) decidiu nesta quinta-feira (26) por 7 votos a 2 contra a prorroga\u00e7\u00e3o da CPMI do INSS. Os ministros Andr\u00e9 Mendon\u00e7a e Luiz Fux votaram a favor da liminar que determina o adiamento da comiss\u00e3o. J\u00e1 os magistrados Fl\u00e1vio Dino, Alexandre de Moraes, Cristiano Zanin, Kassio Nunes Marques, Dias Toffoli, Carmem&#8230;<\/p>\n","protected":false},"author":1,"featured_media":10547,"comment_status":"open","ping_status":"closed","sticky":false,"template":"","format":"standard","meta":{"footnotes":""},"categories":[39],"tags":[],"class_list":["post-10546","post","type-post","status-publish","format-standard","has-post-thumbnail","hentry","category-justica"],"_links":{"self":[{"href":"https:\/\/cafecommessias.com.br\/index.php?rest_route=\/wp\/v2\/posts\/10546","targetHints":{"allow":["GET"]}}],"collection":[{"href":"https:\/\/cafecommessias.com.br\/index.php?rest_route=\/wp\/v2\/posts"}],"about":[{"href":"https:\/\/cafecommessias.com.br\/index.php?rest_route=\/wp\/v2\/types\/post"}],"author":[{"embeddable":true,"href":"https:\/\/cafecommessias.com.br\/index.php?rest_route=\/wp\/v2\/users\/1"}],"replies":[{"embeddable":true,"href":"https:\/\/cafecommessias.com.br\/index.php?rest_route=%2Fwp%2Fv2%2Fcomments&post=10546"}],"version-history":[{"count":1,"href":"https:\/\/cafecommessias.com.br\/index.php?rest_route=\/wp\/v2\/posts\/10546\/revisions"}],"predecessor-version":[{"id":10548,"href":"https:\/\/cafecommessias.com.br\/index.php?rest_route=\/wp\/v2\/posts\/10546\/revisions\/10548"}],"wp:featuredmedia":[{"embeddable":true,"href":"https:\/\/cafecommessias.com.br\/index.php?rest_route=\/wp\/v2\/media\/10547"}],"wp:attachment":[{"href":"https:\/\/cafecommessias.com.br\/index.php?rest_route=%2Fwp%2Fv2%2Fmedia&parent=10546"}],"wp:term":[{"taxonomy":"category","embeddable":true,"href":"https:\/\/cafecommessias.com.br\/index.php?rest_route=%2Fwp%2Fv2%2Fcategories&post=10546"},{"taxonomy":"post_tag","embeddable":true,"href":"https:\/\/cafecommessias.com.br\/index.php?rest_route=%2Fwp%2Fv2%2Ftags&post=10546"}],"curies":[{"name":"wp","href":"https:\/\/api.w.org\/{rel}","templated":true}]}}