{"id":10549,"date":"2026-03-26T21:44:40","date_gmt":"2026-03-27T00:44:40","guid":{"rendered":"http:\/\/cafecommessias.com.br\/?p=10549"},"modified":"2026-03-26T21:44:52","modified_gmt":"2026-03-27T00:44:52","slug":"allyson-renuncia-ao-cargo-de-prefeito-de-mossoro-nesta-sexta-e-vice-marcos-medeiros-tomara-posse","status":"publish","type":"post","link":"https:\/\/cafecommessias.com.br\/?p=10549","title":{"rendered":"Allyson renuncia ao cargo de prefeito de Mossor\u00f3 nesta sexta e vice, Marcos Medeiros, tomar\u00e1 posse"},"content":{"rendered":"\n<p>O munic\u00edpio de Mossor\u00f3 ter\u00e1 mudan\u00e7a no comando do Executivo a partir desta sexta-feira (27). A C\u00e2mara Municipal de Mossor\u00f3 realiza, \u00e0s 16h, sess\u00e3o para leitura da carta de ren\u00fancia do prefeito Allyson Bezerra (Uni\u00e3o). Ap\u00f3s a formaliza\u00e7\u00e3o da vac\u00e2ncia do cargo, o vice-prefeito Marcos Medeiros (Republicanos) ser\u00e1 empossado como novo prefeito. A solenidade de posse est\u00e1 marcada para as 18h, no Teatro Municipal Dix-Huit Rosado.<\/p>\n\n\n\n<p>A carta de ren\u00fancia foi protocolada pelo chefe do Executivo mossoroense junto ao Legislativo municipal e ser\u00e1 publicada por meio de Ato da Presid\u00eancia no Di\u00e1rio Oficial do Munic\u00edpio. O documento tamb\u00e9m foi lido em plen\u00e1rio durante sess\u00e3o ordin\u00e1ria realizada na quarta-feira (25). Allyson deixa o cargo para cumprir com a exig\u00eancia legal de desincompatibiliza\u00e7\u00e3o do cargo para poder se candidatar nas elei\u00e7\u00f5es desse ano ao cargo de governador.<\/p>\n\n\n<div class=\"wp-block-post-author\"><div class=\"wp-block-post-author__avatar\"><img alt='' src='https:\/\/secure.gravatar.com\/avatar\/a62bcf199877d37056dc55ccc32b6decbd05abb46ce616ef4c38b16491e4d91d?s=48&#038;r=g' srcset='https:\/\/secure.gravatar.com\/avatar\/a62bcf199877d37056dc55ccc32b6decbd05abb46ce616ef4c38b16491e4d91d?s=96&#038;r=g 2x' class='avatar avatar-48 photo' height='48' width='48' \/><\/div><div class=\"wp-block-post-author__content\"><p class=\"wp-block-post-author__name\">Blogcafecommessias<\/p><\/div><\/div>","protected":false},"excerpt":{"rendered":"<p>O munic\u00edpio de Mossor\u00f3 ter\u00e1 mudan\u00e7a no comando do Executivo a partir desta sexta-feira (27). A C\u00e2mara Municipal de Mossor\u00f3 realiza, \u00e0s 16h, sess\u00e3o para leitura da carta de ren\u00fancia do prefeito Allyson Bezerra (Uni\u00e3o). Ap\u00f3s a formaliza\u00e7\u00e3o da vac\u00e2ncia do cargo, o vice-prefeito Marcos Medeiros (Republicanos) ser\u00e1 empossado como novo prefeito. A solenidade de&#8230;<\/p>\n","protected":false},"author":1,"featured_media":10550,"comment_status":"open","ping_status":"closed","sticky":false,"template":"","format":"standard","meta":{"footnotes":""},"categories":[6],"tags":[],"class_list":["post-10549","post","type-post","status-publish","format-standard","has-post-thumbnail","hentry","category-politica"],"_links":{"self":[{"href":"https:\/\/cafecommessias.com.br\/index.php?rest_route=\/wp\/v2\/posts\/10549","targetHints":{"allow":["GET"]}}],"collection":[{"href":"https:\/\/cafecommessias.com.br\/index.php?rest_route=\/wp\/v2\/posts"}],"about":[{"href":"https:\/\/cafecommessias.com.br\/index.php?rest_route=\/wp\/v2\/types\/post"}],"author":[{"embeddable":true,"href":"https:\/\/cafecommessias.com.br\/index.php?rest_route=\/wp\/v2\/users\/1"}],"replies":[{"embeddable":true,"href":"https:\/\/cafecommessias.com.br\/index.php?rest_route=%2Fwp%2Fv2%2Fcomments&post=10549"}],"version-history":[{"count":1,"href":"https:\/\/cafecommessias.com.br\/index.php?rest_route=\/wp\/v2\/posts\/10549\/revisions"}],"predecessor-version":[{"id":10551,"href":"https:\/\/cafecommessias.com.br\/index.php?rest_route=\/wp\/v2\/posts\/10549\/revisions\/10551"}],"wp:featuredmedia":[{"embeddable":true,"href":"https:\/\/cafecommessias.com.br\/index.php?rest_route=\/wp\/v2\/media\/10550"}],"wp:attachment":[{"href":"https:\/\/cafecommessias.com.br\/index.php?rest_route=%2Fwp%2Fv2%2Fmedia&parent=10549"}],"wp:term":[{"taxonomy":"category","embeddable":true,"href":"https:\/\/cafecommessias.com.br\/index.php?rest_route=%2Fwp%2Fv2%2Fcategories&post=10549"},{"taxonomy":"post_tag","embeddable":true,"href":"https:\/\/cafecommessias.com.br\/index.php?rest_route=%2Fwp%2Fv2%2Ftags&post=10549"}],"curies":[{"name":"wp","href":"https:\/\/api.w.org\/{rel}","templated":true}]}}