{"id":10570,"date":"2026-03-29T12:00:14","date_gmt":"2026-03-29T15:00:14","guid":{"rendered":"http:\/\/cafecommessias.com.br\/?p=10570"},"modified":"2026-03-29T12:00:27","modified_gmt":"2026-03-29T15:00:27","slug":"parnamirim-resgata-historia-e-emociona-multidao-com-grandiosa-retomada-da-paixao-de-cristo","status":"publish","type":"post","link":"https:\/\/cafecommessias.com.br\/?p=10570","title":{"rendered":"Parnamirim resgata hist\u00f3ria e emociona multid\u00e3o com grandiosa retomada da Paix\u00e3o de Cristo"},"content":{"rendered":"\n<p>\u201cDepois de nove anos, ver esse espet\u00e1culo de volta, com o povo presente e emocionado, \u00e9 a prova de que Parnamirim valoriza sua cultura e suas tradi\u00e7\u00f5es. \u00c9 bonito de ver e de sentir\u201d, destacou a prefeita Nilda.<br>A fala resume o que foi vivido na noite deste s\u00e1bado (28), quando a Cohabinal foi tomada pela emo\u00e7\u00e3o com a retomada da encena\u00e7\u00e3o da Paix\u00e3o de Cristo. Ap\u00f3s quase uma d\u00e9cada, o espet\u00e1culo voltou a acontecer e transformou o Bosque Alu\u00edzio Alves em um grande cen\u00e1rio de f\u00e9, arte e encantamento.<\/p>\n\n\n\n<p>A apresenta\u00e7\u00e3o reuniu cerca de 30 artistas da pr\u00f3pria cidade, valorizando os talentos locais e levando ao p\u00fablico uma experi\u00eancia marcada pela intensidade e pela beleza de cada cena. Em um formato imersivo, com cen\u00e1rios distribu\u00eddos em sete pontos dentro do Bosque, o p\u00fablico acompanhou de perto cada momento da Via Sacra, se emocionando com a maior hist\u00f3ria de amor e esperan\u00e7a da humanidade.<\/p>\n\n\n\n<p>Mais do que um espet\u00e1culo, a retomada representou o resgate de uma tradi\u00e7\u00e3o que toca gera\u00e7\u00f5es e fortalece a identidade cultural do munic\u00edpio. Fam\u00edlias inteiras estiveram presentes, envolvidas por um ambiente de f\u00e9 e reflex\u00e3o, em uma noite que ficar\u00e1 marcada na mem\u00f3ria da cidade.<\/p>\n\n\n\n<p>A programa\u00e7\u00e3o foi finalizada com o bel\u00edssimo Concerto Pascal, encerrando a noite em clima de contempla\u00e7\u00e3o e emo\u00e7\u00e3o, e refor\u00e7ando o car\u00e1ter simb\u00f3lico e espiritual do evento.<\/p>\n\n\n\n<p>A grandiosidade da produ\u00e7\u00e3o e a como\u00e7\u00e3o do p\u00fablico evidenciaram a import\u00e2ncia de reviver manifesta\u00e7\u00f5es culturais como essa, que unem a comunidade e renovam sentimentos de f\u00e9, pertencimento e esperan\u00e7a.<\/p>\n","protected":false},"excerpt":{"rendered":"<p>\u201cDepois de nove anos, ver esse espet\u00e1culo de volta, com o povo presente e emocionado, \u00e9 a prova de que Parnamirim valoriza sua cultura e suas tradi\u00e7\u00f5es. \u00c9 bonito de ver e de sentir\u201d, destacou a prefeita Nilda.A fala resume o que foi vivido na noite deste s\u00e1bado (28), quando a Cohabinal foi tomada pela&#8230;<\/p>\n","protected":false},"author":1,"featured_media":10571,"comment_status":"open","ping_status":"closed","sticky":false,"template":"","format":"standard","meta":{"footnotes":""},"categories":[11],"tags":[],"class_list":["post-10570","post","type-post","status-publish","format-standard","has-post-thumbnail","hentry","category-parnamirim-rn"],"_links":{"self":[{"href":"https:\/\/cafecommessias.com.br\/index.php?rest_route=\/wp\/v2\/posts\/10570","targetHints":{"allow":["GET"]}}],"collection":[{"href":"https:\/\/cafecommessias.com.br\/index.php?rest_route=\/wp\/v2\/posts"}],"about":[{"href":"https:\/\/cafecommessias.com.br\/index.php?rest_route=\/wp\/v2\/types\/post"}],"author":[{"embeddable":true,"href":"https:\/\/cafecommessias.com.br\/index.php?rest_route=\/wp\/v2\/users\/1"}],"replies":[{"embeddable":true,"href":"https:\/\/cafecommessias.com.br\/index.php?rest_route=%2Fwp%2Fv2%2Fcomments&post=10570"}],"version-history":[{"count":1,"href":"https:\/\/cafecommessias.com.br\/index.php?rest_route=\/wp\/v2\/posts\/10570\/revisions"}],"predecessor-version":[{"id":10572,"href":"https:\/\/cafecommessias.com.br\/index.php?rest_route=\/wp\/v2\/posts\/10570\/revisions\/10572"}],"wp:featuredmedia":[{"embeddable":true,"href":"https:\/\/cafecommessias.com.br\/index.php?rest_route=\/wp\/v2\/media\/10571"}],"wp:attachment":[{"href":"https:\/\/cafecommessias.com.br\/index.php?rest_route=%2Fwp%2Fv2%2Fmedia&parent=10570"}],"wp:term":[{"taxonomy":"category","embeddable":true,"href":"https:\/\/cafecommessias.com.br\/index.php?rest_route=%2Fwp%2Fv2%2Fcategories&post=10570"},{"taxonomy":"post_tag","embeddable":true,"href":"https:\/\/cafecommessias.com.br\/index.php?rest_route=%2Fwp%2Fv2%2Ftags&post=10570"}],"curies":[{"name":"wp","href":"https:\/\/api.w.org\/{rel}","templated":true}]}}