{"id":10573,"date":"2026-03-29T12:02:49","date_gmt":"2026-03-29T15:02:49","guid":{"rendered":"http:\/\/cafecommessias.com.br\/?p=10573"},"modified":"2026-03-29T12:16:19","modified_gmt":"2026-03-29T15:16:19","slug":"pesquisa-media-posicionamento-politico-235-dos-eleitores-do-rn-afirmam-ser-de-direita-e-21-de-esquerda-203-dizem-ser-de-centro","status":"publish","type":"post","link":"https:\/\/cafecommessias.com.br\/?p=10573","title":{"rendered":"PESQUISA MEDIA\/ POSICIONAMENTO POL\u00cdTICO: 23,5% dos eleitores do RN afirmam ser de direita e 21% de esquerda; 20,3% dizem ser de Centro"},"content":{"rendered":"\n<p>Levantamento do instituto Media Intelig\u00eancia em Pesquisa questionou os eleitores do RN como eles se definem seu posicionamento pol\u00edtico.<\/p>\n\n\n\n<p>A maioria, 23,5% dos eleitores do RN, se declararam ser de Direit.<\/p>\n\n\n\n<p>21% afirmaram ser de Esquerda e 20,3% disseram ser de Centro.<\/p>\n\n\n\n<p>23,4% n\u00e3o t\u00eam um posicionamento pol\u00edtico definido, enquanto 11,8% n\u00e3o souberam ou n\u00e3o responderam.<\/p>\n\n\n\n<p>A pesquisa foi realizada de 23 a 26 de mar\u00e7o de 2026 e ouviu 2.000 eleitores, possui margem de erro de 2,2 pontos percentuais e n\u00edvel de confian\u00e7a de 95%, com o seguinte regitro no TSE: RN-07240\/2026.<\/p>\n\n\n\n<p class=\"has-text-align-center\"><strong><em>PUBLICIDADE<\/em><\/strong><\/p>\n\n\n\n<figure class=\"wp-block-image size-full\"><img loading=\"lazy\" decoding=\"async\" width=\"970\" height=\"250\" src=\"http:\/\/cafecommessias.com.br\/wp-content\/uploads\/2026\/03\/Lixo-nas-Ruas_970x250-1.png\" alt=\"\" class=\"wp-image-10455\" srcset=\"https:\/\/cafecommessias.com.br\/wp-content\/uploads\/2026\/03\/Lixo-nas-Ruas_970x250-1.png 970w, https:\/\/cafecommessias.com.br\/wp-content\/uploads\/2026\/03\/Lixo-nas-Ruas_970x250-1-300x77.png 300w, https:\/\/cafecommessias.com.br\/wp-content\/uploads\/2026\/03\/Lixo-nas-Ruas_970x250-1-768x198.png 768w\" sizes=\"auto, (max-width: 970px) 100vw, 970px\" \/><\/figure>\n","protected":false},"excerpt":{"rendered":"<p>Levantamento do instituto Media Intelig\u00eancia em Pesquisa questionou os eleitores do RN como eles se definem seu posicionamento pol\u00edtico. A maioria, 23,5% dos eleitores do RN, se declararam ser de Direit. 21% afirmaram ser de Esquerda e 20,3% disseram ser de Centro. 23,4% n\u00e3o t\u00eam um posicionamento pol\u00edtico definido, enquanto 11,8% n\u00e3o souberam ou n\u00e3o&#8230;<\/p>\n","protected":false},"author":1,"featured_media":10574,"comment_status":"open","ping_status":"closed","sticky":false,"template":"","format":"standard","meta":{"footnotes":""},"categories":[4,6],"tags":[],"class_list":["post-10573","post","type-post","status-publish","format-standard","has-post-thumbnail","hentry","category-anuncie-aqui","category-politica"],"_links":{"self":[{"href":"https:\/\/cafecommessias.com.br\/index.php?rest_route=\/wp\/v2\/posts\/10573","targetHints":{"allow":["GET"]}}],"collection":[{"href":"https:\/\/cafecommessias.com.br\/index.php?rest_route=\/wp\/v2\/posts"}],"about":[{"href":"https:\/\/cafecommessias.com.br\/index.php?rest_route=\/wp\/v2\/types\/post"}],"author":[{"embeddable":true,"href":"https:\/\/cafecommessias.com.br\/index.php?rest_route=\/wp\/v2\/users\/1"}],"replies":[{"embeddable":true,"href":"https:\/\/cafecommessias.com.br\/index.php?rest_route=%2Fwp%2Fv2%2Fcomments&post=10573"}],"version-history":[{"count":1,"href":"https:\/\/cafecommessias.com.br\/index.php?rest_route=\/wp\/v2\/posts\/10573\/revisions"}],"predecessor-version":[{"id":10575,"href":"https:\/\/cafecommessias.com.br\/index.php?rest_route=\/wp\/v2\/posts\/10573\/revisions\/10575"}],"wp:featuredmedia":[{"embeddable":true,"href":"https:\/\/cafecommessias.com.br\/index.php?rest_route=\/wp\/v2\/media\/10574"}],"wp:attachment":[{"href":"https:\/\/cafecommessias.com.br\/index.php?rest_route=%2Fwp%2Fv2%2Fmedia&parent=10573"}],"wp:term":[{"taxonomy":"category","embeddable":true,"href":"https:\/\/cafecommessias.com.br\/index.php?rest_route=%2Fwp%2Fv2%2Fcategories&post=10573"},{"taxonomy":"post_tag","embeddable":true,"href":"https:\/\/cafecommessias.com.br\/index.php?rest_route=%2Fwp%2Fv2%2Ftags&post=10573"}],"curies":[{"name":"wp","href":"https:\/\/api.w.org\/{rel}","templated":true}]}}