{"id":10576,"date":"2026-03-29T12:05:33","date_gmt":"2026-03-29T15:05:33","guid":{"rendered":"http:\/\/cafecommessias.com.br\/?p=10576"},"modified":"2026-03-29T12:16:31","modified_gmt":"2026-03-29T15:16:31","slug":"pesquisa-media-aprovacao-governo-estadual-60-desaprovam-o-governo-fatima-333-aprovam","status":"publish","type":"post","link":"https:\/\/cafecommessias.com.br\/?p=10576","title":{"rendered":"PESQUISA MEDIA\/ APROVA\u00c7\u00c3O \/GOVERNO ESTADUAL: 60% desaprovam o Governo F\u00e1tima; 33,3% aprovam"},"content":{"rendered":"\n<p>Levantamento do instituto Media Intelig\u00eancia em Pesquisa questionou os eleitores do RN sobre a aprova\u00e7\u00e3o da administra\u00e7\u00e3o da governadora F\u00e1tima Bezerra.<\/p>\n\n\n\n<p>60% afirmaram que desaprovam, enquanto 33,3% aprovam. Outros 6,7% n\u00e3o sabem ou n\u00e3o responderam.<\/p>\n\n\n\n<p>A pesquisa foi realizada de 23 a 26 de mar\u00e7o de 2026 e ouviu 2.000 eleitores, possui margem de erro de 2,2 pontos percentuais e n\u00edvel de confian\u00e7a de 95%, com o seguinte regitro no TSE: RN-07240\/2026.<\/p>\n\n\n\n<p class=\"has-text-align-center\"><strong><em>PUBLICIDADE<\/em><\/strong><\/p>\n\n\n\n<figure class=\"wp-block-image size-full\"><img loading=\"lazy\" decoding=\"async\" width=\"630\" height=\"96\" src=\"http:\/\/cafecommessias.com.br\/wp-content\/uploads\/2026\/03\/630x96-Adolescencia.png-3.webp\" alt=\"\" class=\"wp-image-10257\" srcset=\"https:\/\/cafecommessias.com.br\/wp-content\/uploads\/2026\/03\/630x96-Adolescencia.png-3.webp 630w, https:\/\/cafecommessias.com.br\/wp-content\/uploads\/2026\/03\/630x96-Adolescencia.png-3-300x46.webp 300w\" sizes=\"auto, (max-width: 630px) 100vw, 630px\" \/><\/figure>\n","protected":false},"excerpt":{"rendered":"<p>Levantamento do instituto Media Intelig\u00eancia em Pesquisa questionou os eleitores do RN sobre a aprova\u00e7\u00e3o da administra\u00e7\u00e3o da governadora F\u00e1tima Bezerra. 60% afirmaram que desaprovam, enquanto 33,3% aprovam. Outros 6,7% n\u00e3o sabem ou n\u00e3o responderam. A pesquisa foi realizada de 23 a 26 de mar\u00e7o de 2026 e ouviu 2.000 eleitores, possui margem de erro&#8230;<\/p>\n","protected":false},"author":1,"featured_media":10577,"comment_status":"open","ping_status":"closed","sticky":false,"template":"","format":"standard","meta":{"footnotes":""},"categories":[4,6],"tags":[],"class_list":["post-10576","post","type-post","status-publish","format-standard","has-post-thumbnail","hentry","category-anuncie-aqui","category-politica"],"_links":{"self":[{"href":"https:\/\/cafecommessias.com.br\/index.php?rest_route=\/wp\/v2\/posts\/10576","targetHints":{"allow":["GET"]}}],"collection":[{"href":"https:\/\/cafecommessias.com.br\/index.php?rest_route=\/wp\/v2\/posts"}],"about":[{"href":"https:\/\/cafecommessias.com.br\/index.php?rest_route=\/wp\/v2\/types\/post"}],"author":[{"embeddable":true,"href":"https:\/\/cafecommessias.com.br\/index.php?rest_route=\/wp\/v2\/users\/1"}],"replies":[{"embeddable":true,"href":"https:\/\/cafecommessias.com.br\/index.php?rest_route=%2Fwp%2Fv2%2Fcomments&post=10576"}],"version-history":[{"count":1,"href":"https:\/\/cafecommessias.com.br\/index.php?rest_route=\/wp\/v2\/posts\/10576\/revisions"}],"predecessor-version":[{"id":10578,"href":"https:\/\/cafecommessias.com.br\/index.php?rest_route=\/wp\/v2\/posts\/10576\/revisions\/10578"}],"wp:featuredmedia":[{"embeddable":true,"href":"https:\/\/cafecommessias.com.br\/index.php?rest_route=\/wp\/v2\/media\/10577"}],"wp:attachment":[{"href":"https:\/\/cafecommessias.com.br\/index.php?rest_route=%2Fwp%2Fv2%2Fmedia&parent=10576"}],"wp:term":[{"taxonomy":"category","embeddable":true,"href":"https:\/\/cafecommessias.com.br\/index.php?rest_route=%2Fwp%2Fv2%2Fcategories&post=10576"},{"taxonomy":"post_tag","embeddable":true,"href":"https:\/\/cafecommessias.com.br\/index.php?rest_route=%2Fwp%2Fv2%2Ftags&post=10576"}],"curies":[{"name":"wp","href":"https:\/\/api.w.org\/{rel}","templated":true}]}}