{"id":10579,"date":"2026-03-29T12:06:37","date_gmt":"2026-03-29T15:06:37","guid":{"rendered":"http:\/\/cafecommessias.com.br\/?p=10579"},"modified":"2026-03-29T12:16:49","modified_gmt":"2026-03-29T15:16:49","slug":"pesquisa-media-aprovacao-governo-federal-488-aprovam-o-governo-lula-437-desaprovam","status":"publish","type":"post","link":"https:\/\/cafecommessias.com.br\/?p=10579","title":{"rendered":"PESQUISA MEDIA\/ APROVA\u00c7\u00c3O\/ GOVERNO FEDERAL: 48,8% aprovam o Governo Lula; 43,7% desaprovam"},"content":{"rendered":"\n<p>Levantamento do instituto Media Intelig\u00eancia em Pesquisa questionou os eleitores do RN sobre a aprova\u00e7\u00e3o da administra\u00e7\u00e3o do presidente Lula.<\/p>\n\n\n\n<p>48,8% afirmaram que aprovam, enquanto 43,7% desaprovam. Outros 7,5% n\u00e3o sabem ou n\u00e3o responderam.<\/p>\n\n\n\n<p>A pesquisa foi realizada de 23 a 26 de mar\u00e7o de 2026 e ouviu 2.000 eleitores, possui margem de erro de 2,2 pontos percentuais e n\u00edvel de confian\u00e7a de 95%, com o seguinte regitro no TSE: RN-07240\/2026.<\/p>\n\n\n\n<p class=\"has-text-align-center\"><strong><em>PUBLICIDADE<\/em><\/strong><\/p>\n\n\n\n<figure class=\"wp-block-image size-full\"><img loading=\"lazy\" decoding=\"async\" width=\"970\" height=\"250\" src=\"http:\/\/cafecommessias.com.br\/wp-content\/uploads\/2026\/03\/BANNER-ANIMADO-UNIMED.gif\" alt=\"\" class=\"wp-image-10210\"\/><\/figure>\n","protected":false},"excerpt":{"rendered":"<p>Levantamento do instituto Media Intelig\u00eancia em Pesquisa questionou os eleitores do RN sobre a aprova\u00e7\u00e3o da administra\u00e7\u00e3o do presidente Lula. 48,8% afirmaram que aprovam, enquanto 43,7% desaprovam. Outros 7,5% n\u00e3o sabem ou n\u00e3o responderam. A pesquisa foi realizada de 23 a 26 de mar\u00e7o de 2026 e ouviu 2.000 eleitores, possui margem de erro de&#8230;<\/p>\n","protected":false},"author":1,"featured_media":10581,"comment_status":"open","ping_status":"closed","sticky":false,"template":"","format":"standard","meta":{"footnotes":""},"categories":[4,6],"tags":[],"class_list":["post-10579","post","type-post","status-publish","format-standard","has-post-thumbnail","hentry","category-anuncie-aqui","category-politica"],"_links":{"self":[{"href":"https:\/\/cafecommessias.com.br\/index.php?rest_route=\/wp\/v2\/posts\/10579","targetHints":{"allow":["GET"]}}],"collection":[{"href":"https:\/\/cafecommessias.com.br\/index.php?rest_route=\/wp\/v2\/posts"}],"about":[{"href":"https:\/\/cafecommessias.com.br\/index.php?rest_route=\/wp\/v2\/types\/post"}],"author":[{"embeddable":true,"href":"https:\/\/cafecommessias.com.br\/index.php?rest_route=\/wp\/v2\/users\/1"}],"replies":[{"embeddable":true,"href":"https:\/\/cafecommessias.com.br\/index.php?rest_route=%2Fwp%2Fv2%2Fcomments&post=10579"}],"version-history":[{"count":1,"href":"https:\/\/cafecommessias.com.br\/index.php?rest_route=\/wp\/v2\/posts\/10579\/revisions"}],"predecessor-version":[{"id":10580,"href":"https:\/\/cafecommessias.com.br\/index.php?rest_route=\/wp\/v2\/posts\/10579\/revisions\/10580"}],"wp:featuredmedia":[{"embeddable":true,"href":"https:\/\/cafecommessias.com.br\/index.php?rest_route=\/wp\/v2\/media\/10581"}],"wp:attachment":[{"href":"https:\/\/cafecommessias.com.br\/index.php?rest_route=%2Fwp%2Fv2%2Fmedia&parent=10579"}],"wp:term":[{"taxonomy":"category","embeddable":true,"href":"https:\/\/cafecommessias.com.br\/index.php?rest_route=%2Fwp%2Fv2%2Fcategories&post=10579"},{"taxonomy":"post_tag","embeddable":true,"href":"https:\/\/cafecommessias.com.br\/index.php?rest_route=%2Fwp%2Fv2%2Ftags&post=10579"}],"curies":[{"name":"wp","href":"https:\/\/api.w.org\/{rel}","templated":true}]}}