{"id":10582,"date":"2026-03-29T12:09:48","date_gmt":"2026-03-29T15:09:48","guid":{"rendered":"http:\/\/cafecommessias.com.br\/?p=10582"},"modified":"2026-03-29T12:17:03","modified_gmt":"2026-03-29T15:17:03","slug":"pesquisa-media-deputadoa-estadual-rn-ezequiel-ferreira-kleber-rodrigues-coronel-azevedo-cristiane-dantas-e-dr-kerginaldo-sao-os-mais-citados","status":"publish","type":"post","link":"https:\/\/cafecommessias.com.br\/?p=10582","title":{"rendered":"PESQUISA MEDIA\/DEPUTADO(A) ESTADUAL\/RN: Ezequiel Ferreira, Kleber Rodrigues, Coronel Azevedo, Cristiane Dantas e Dr. Kerginaldo s\u00e3o os mais citados"},"content":{"rendered":"\n<figure class=\"wp-block-image size-full\"><img loading=\"lazy\" decoding=\"async\" width=\"485\" height=\"571\" src=\"http:\/\/cafecommessias.com.br\/wp-content\/uploads\/2026\/03\/01-Dep-Est-pag1-1.webp\" alt=\"\" class=\"wp-image-10586\" srcset=\"https:\/\/cafecommessias.com.br\/wp-content\/uploads\/2026\/03\/01-Dep-Est-pag1-1.webp 485w, https:\/\/cafecommessias.com.br\/wp-content\/uploads\/2026\/03\/01-Dep-Est-pag1-1-255x300.webp 255w\" sizes=\"auto, (max-width: 485px) 100vw, 485px\" \/><\/figure>\n\n\n\n<figure class=\"wp-block-image size-full\"><img loading=\"lazy\" decoding=\"async\" width=\"482\" height=\"508\" src=\"http:\/\/cafecommessias.com.br\/wp-content\/uploads\/2026\/03\/01-Dep-Est-pag2.webp\" alt=\"\" class=\"wp-image-10587\" srcset=\"https:\/\/cafecommessias.com.br\/wp-content\/uploads\/2026\/03\/01-Dep-Est-pag2.webp 482w, https:\/\/cafecommessias.com.br\/wp-content\/uploads\/2026\/03\/01-Dep-Est-pag2-285x300.webp 285w\" sizes=\"auto, (max-width: 482px) 100vw, 482px\" \/><\/figure>\n\n\n\n<p>Levantamento do instituto Media Intelig\u00eancia em Pesquisa questionou os eleitores do RN em quem eles votariam para deputado(a) estadual se as elei\u00e7\u00f5es fossem hoje.<\/p>\n\n\n\n<p>Os nomes mais citados foram os de Ezequiel Ferreira (2,15%), Kleber Rodrigues (1,8%), Coronel Azevedo (1,75%), Cristiane Dantas (1,6%) e Dr. Kerginaldo (1,6%).<\/p>\n\n\n\n<p>Branco e nulo somam 6,9% enquanto 56,75% n\u00e3o sabem ou n\u00e3o responderam.<\/p>\n\n\n\n<p>A pesquisa foi realizada de 23 a 26 de mar\u00e7o de 2026 e ouviu 2.000 eleitores, possui margem de erro de 2,2 pontos percentuais e n\u00edvel de confian\u00e7a de 95%, com o seguinte regitro no TSE: RN-07240\/2026.<\/p>\n\n\n\n<p class=\"has-text-align-center\"><strong><em>PUBLICIDADE<\/em><\/strong><\/p>\n\n\n\n<figure class=\"wp-block-image size-large\"><img loading=\"lazy\" decoding=\"async\" width=\"1024\" height=\"171\" src=\"http:\/\/cafecommessias.com.br\/wp-content\/uploads\/2026\/03\/DISQUE-180_1320X220-1024x171.gif\" alt=\"\" class=\"wp-image-10180\" srcset=\"https:\/\/cafecommessias.com.br\/wp-content\/uploads\/2026\/03\/DISQUE-180_1320X220-1024x171.gif 1024w, https:\/\/cafecommessias.com.br\/wp-content\/uploads\/2026\/03\/DISQUE-180_1320X220-300x50.gif 300w, https:\/\/cafecommessias.com.br\/wp-content\/uploads\/2026\/03\/DISQUE-180_1320X220-768x128.gif 768w\" sizes=\"auto, (max-width: 1024px) 100vw, 1024px\" \/><\/figure>\n","protected":false},"excerpt":{"rendered":"<p>Levantamento do instituto Media Intelig\u00eancia em Pesquisa questionou os eleitores do RN em quem eles votariam para deputado(a) estadual se as elei\u00e7\u00f5es fossem hoje. Os nomes mais citados foram os de Ezequiel Ferreira (2,15%), Kleber Rodrigues (1,8%), Coronel Azevedo (1,75%), Cristiane Dantas (1,6%) e Dr. Kerginaldo (1,6%). Branco e nulo somam 6,9% enquanto 56,75% n\u00e3o&#8230;<\/p>\n","protected":false},"author":1,"featured_media":10583,"comment_status":"open","ping_status":"closed","sticky":false,"template":"","format":"standard","meta":{"footnotes":""},"categories":[4,6],"tags":[],"class_list":["post-10582","post","type-post","status-publish","format-standard","has-post-thumbnail","hentry","category-anuncie-aqui","category-politica"],"_links":{"self":[{"href":"https:\/\/cafecommessias.com.br\/index.php?rest_route=\/wp\/v2\/posts\/10582","targetHints":{"allow":["GET"]}}],"collection":[{"href":"https:\/\/cafecommessias.com.br\/index.php?rest_route=\/wp\/v2\/posts"}],"about":[{"href":"https:\/\/cafecommessias.com.br\/index.php?rest_route=\/wp\/v2\/types\/post"}],"author":[{"embeddable":true,"href":"https:\/\/cafecommessias.com.br\/index.php?rest_route=\/wp\/v2\/users\/1"}],"replies":[{"embeddable":true,"href":"https:\/\/cafecommessias.com.br\/index.php?rest_route=%2Fwp%2Fv2%2Fcomments&post=10582"}],"version-history":[{"count":2,"href":"https:\/\/cafecommessias.com.br\/index.php?rest_route=\/wp\/v2\/posts\/10582\/revisions"}],"predecessor-version":[{"id":10588,"href":"https:\/\/cafecommessias.com.br\/index.php?rest_route=\/wp\/v2\/posts\/10582\/revisions\/10588"}],"wp:featuredmedia":[{"embeddable":true,"href":"https:\/\/cafecommessias.com.br\/index.php?rest_route=\/wp\/v2\/media\/10583"}],"wp:attachment":[{"href":"https:\/\/cafecommessias.com.br\/index.php?rest_route=%2Fwp%2Fv2%2Fmedia&parent=10582"}],"wp:term":[{"taxonomy":"category","embeddable":true,"href":"https:\/\/cafecommessias.com.br\/index.php?rest_route=%2Fwp%2Fv2%2Fcategories&post=10582"},{"taxonomy":"post_tag","embeddable":true,"href":"https:\/\/cafecommessias.com.br\/index.php?rest_route=%2Fwp%2Fv2%2Ftags&post=10582"}],"curies":[{"name":"wp","href":"https:\/\/api.w.org\/{rel}","templated":true}]}}