{"id":10603,"date":"2026-03-29T12:26:16","date_gmt":"2026-03-29T15:26:16","guid":{"rendered":"http:\/\/cafecommessias.com.br\/?p=10603"},"modified":"2026-03-29T12:26:17","modified_gmt":"2026-03-29T15:26:17","slug":"pesquisa-media-governo-estimulada-alvaro-dias-com-308-allyson-bezerra-tem-272-e-cadu-xavier-108","status":"publish","type":"post","link":"https:\/\/cafecommessias.com.br\/?p=10603","title":{"rendered":"PESQUISA MEDIA\/ GOVERNO\/ ESTIMULADA: \u00c1lvaro Dias com 30,8%; Allyson Bezerra tem 27,2% e Cadu Xavier 10,8%"},"content":{"rendered":"\n<p>Levantamento do instituto Media Intelig\u00eancia em Pesquisa questionou os eleitores do RN em quem eles votariam para o Governo do Estado se as elei\u00e7\u00f5es fossem hoje.<\/p>\n\n\n\n<p>No cen\u00e1rio estimulado, \u00c1lvaro Dias cresceu e ultrapassou Allyson Bezerra em rela\u00e7\u00e3o ao levantamento feito pelo instituto Media em dezembro de 2025.<\/p>\n\n\n\n<p>\u00c1lvaro agora lidera com 30,8% das inten\u00e7\u00f5es de voto (tinha 25,7% em dez\/2025), Allyson caiu e agora tem 27,2% das inten\u00e7\u00f5es de voto (tinha 31,8% em dez\/2025).<\/p>\n\n\n\n<p>Cadu Xavier saiu de 9% em dezembro de 2025 para 10,8% na pesquisa atual e segue em terceiro. Rob\u00e9rio Paulino n\u00e3o constava no levantamento anterior e agora aparece com 2,1%.<\/p>\n\n\n\n<p>Branco\/nulo somam 6,3%, enquanto 22,8% n\u00e3o souberam responder.<\/p>\n\n\n\n<p>A pesquisa foi realizada de 23 a 26 de mar\u00e7o de 2026 e ouviu 2.000 eleitores, possui margem de erro de 2,2 pontos percentuais e n\u00edvel de confian\u00e7a de 95%, com o seguinte regitro no TSE: RN-07240\/2026.<\/p>\n\n\n\n<p class=\"has-text-align-center\"><strong><em>PUBLICIDADE<\/em><\/strong><\/p>\n\n\n\n<figure class=\"wp-block-image size-full\"><img loading=\"lazy\" decoding=\"async\" width=\"630\" height=\"96\" src=\"http:\/\/cafecommessias.com.br\/wp-content\/uploads\/2026\/03\/630x96-Adolescencia.png-3.webp\" alt=\"\" class=\"wp-image-10257\" srcset=\"https:\/\/cafecommessias.com.br\/wp-content\/uploads\/2026\/03\/630x96-Adolescencia.png-3.webp 630w, https:\/\/cafecommessias.com.br\/wp-content\/uploads\/2026\/03\/630x96-Adolescencia.png-3-300x46.webp 300w\" sizes=\"auto, (max-width: 630px) 100vw, 630px\" \/><\/figure>\n","protected":false},"excerpt":{"rendered":"<p>Levantamento do instituto Media Intelig\u00eancia em Pesquisa questionou os eleitores do RN em quem eles votariam para o Governo do Estado se as elei\u00e7\u00f5es fossem hoje. No cen\u00e1rio estimulado, \u00c1lvaro Dias cresceu e ultrapassou Allyson Bezerra em rela\u00e7\u00e3o ao levantamento feito pelo instituto Media em dezembro de 2025. \u00c1lvaro agora lidera com 30,8% das inten\u00e7\u00f5es&#8230;<\/p>\n","protected":false},"author":1,"featured_media":10604,"comment_status":"open","ping_status":"open","sticky":false,"template":"","format":"standard","meta":{"footnotes":""},"categories":[4],"tags":[],"class_list":["post-10603","post","type-post","status-publish","format-standard","has-post-thumbnail","hentry","category-anuncie-aqui"],"_links":{"self":[{"href":"https:\/\/cafecommessias.com.br\/index.php?rest_route=\/wp\/v2\/posts\/10603","targetHints":{"allow":["GET"]}}],"collection":[{"href":"https:\/\/cafecommessias.com.br\/index.php?rest_route=\/wp\/v2\/posts"}],"about":[{"href":"https:\/\/cafecommessias.com.br\/index.php?rest_route=\/wp\/v2\/types\/post"}],"author":[{"embeddable":true,"href":"https:\/\/cafecommessias.com.br\/index.php?rest_route=\/wp\/v2\/users\/1"}],"replies":[{"embeddable":true,"href":"https:\/\/cafecommessias.com.br\/index.php?rest_route=%2Fwp%2Fv2%2Fcomments&post=10603"}],"version-history":[{"count":1,"href":"https:\/\/cafecommessias.com.br\/index.php?rest_route=\/wp\/v2\/posts\/10603\/revisions"}],"predecessor-version":[{"id":10605,"href":"https:\/\/cafecommessias.com.br\/index.php?rest_route=\/wp\/v2\/posts\/10603\/revisions\/10605"}],"wp:featuredmedia":[{"embeddable":true,"href":"https:\/\/cafecommessias.com.br\/index.php?rest_route=\/wp\/v2\/media\/10604"}],"wp:attachment":[{"href":"https:\/\/cafecommessias.com.br\/index.php?rest_route=%2Fwp%2Fv2%2Fmedia&parent=10603"}],"wp:term":[{"taxonomy":"category","embeddable":true,"href":"https:\/\/cafecommessias.com.br\/index.php?rest_route=%2Fwp%2Fv2%2Fcategories&post=10603"},{"taxonomy":"post_tag","embeddable":true,"href":"https:\/\/cafecommessias.com.br\/index.php?rest_route=%2Fwp%2Fv2%2Ftags&post=10603"}],"curies":[{"name":"wp","href":"https:\/\/api.w.org\/{rel}","templated":true}]}}