{"id":1061,"date":"2025-07-19T20:55:11","date_gmt":"2025-07-19T23:55:11","guid":{"rendered":"https:\/\/cafecommessias.com.br\/?p=1061"},"modified":"2025-07-19T20:55:29","modified_gmt":"2025-07-19T23:55:29","slug":"moraes-determina-que-pgr-investigue-postagens-de-eduardo-bolsonaro-com-foto-antiga-do-ministro","status":"publish","type":"post","link":"https:\/\/cafecommessias.com.br\/?p=1061","title":{"rendered":"Moraes determina que PGR investigue postagens de Eduardo Bolsonaro com foto antiga do ministro"},"content":{"rendered":"\n<p>O ministro do STF (Supremo Tribunal Federal) Alexandre de Moraes determinou neste s\u00e1bado (19) que postagens feitas em rede social pelo deputado federal licenciado Eduardo Bolsonaro depois que a PF (Pol\u00edcia Federal) cumpriu mandados na casa do ex-presidente Jair Bolsonaro sejam inclu\u00eddas em uma investiga\u00e7\u00e3o sobre o parlamentar pela atua\u00e7\u00e3o dele nos Estados Unidos contra o Brasil.<\/p>\n\n\n\n<p>Segundo o ministro, Eduardo \u201cintensificou as condutas il\u00edcitas objeto destas investiga\u00e7\u00f5es, por meio de diversas postagens e ataques ao STF nas redes sociais\u201d.<\/p>\n\n\n\n<p>Moraes citou tr\u00eas publica\u00e7\u00f5es. Uma delas \u00e9 uma nota \u00e0 imprensa publicada por Eduardo no Facebook. No texto, o deputado licenciado chama o ministro de \u201cditador\u201d e afirma que as medidas foram tomadas para \u201cfazer do meu pai um ref\u00e9m\u201d.<\/p>\n\n\n\n<p>Na outra publica\u00e7\u00e3o, feita no X, antigo Twitter, Eduardo postou uma foto de Moraes com a frase \u201cTalvez o Moraes n\u00e3o sabe se o Filipe Martins foi ou n\u00e3o aos EUA, mas agora todo mundo sabe que o Moraes n\u00e3o vai!\u201d.<\/p>\n\n\n\n<p>Esse post foi feito depois que o secret\u00e1rio de Estado dos Estados Unidos, Marco Rubio, informou que determinou a revoga\u00e7\u00e3o do visto de Moraes.<\/p>\n\n\n\n<p>A terceira publica\u00e7\u00e3o foi uma entrevista dada pelo parlamentar a um jornal, onde ele diz que o presidente americano Donald Trump \u201cn\u00e3o vai recuar\u201d.<\/p>\n\n\n\n<p>Em 26 de maio, Moraes determinou que Eduardo fosse investigado por supostas a\u00e7\u00f5es cometidas nos Estados Unidos contra autoridades brasileiras.<\/p>\n\n\n\n<p>Em 7 de julho, o ministro prorrogou o inqu\u00e9rito por mais 60 dias. Na decis\u00e3o, o ministro considerou a necessidade de prosseguimento das investiga\u00e7\u00f5es, com a realiza\u00e7\u00e3o de dilig\u00eancias ainda pendentes.<\/p>\n\n\n\n<p>A determina\u00e7\u00e3o deste s\u00e1bado adiciona as postagens \u00e0s investiga\u00e7\u00f5es em curso. Eduardo \u00e9 investigado por coa\u00e7\u00e3o no curso do processo, obstru\u00e7\u00e3o de investiga\u00e7\u00e3o de infra\u00e7\u00e3o penal que envolva organiza\u00e7\u00e3o criminosa e aboli\u00e7\u00e3o violenta do Estado democr\u00e1tico de Direito.<\/p>\n\n\n\n<p><sub>Por <strong>R7<\/strong><\/sub><\/p>\n","protected":false},"excerpt":{"rendered":"<p>O ministro do STF (Supremo Tribunal Federal) Alexandre de Moraes determinou neste s\u00e1bado (19) que postagens feitas em rede social pelo deputado federal licenciado Eduardo Bolsonaro depois que a PF (Pol\u00edcia Federal) cumpriu mandados na casa do ex-presidente Jair Bolsonaro sejam inclu\u00eddas em uma investiga\u00e7\u00e3o sobre o parlamentar pela atua\u00e7\u00e3o dele nos Estados Unidos contra&#8230;<\/p>\n","protected":false},"author":1,"featured_media":1062,"comment_status":"open","ping_status":"closed","sticky":false,"template":"","format":"standard","meta":{"footnotes":""},"categories":[6],"tags":[],"class_list":["post-1061","post","type-post","status-publish","format-standard","has-post-thumbnail","hentry","category-politica"],"_links":{"self":[{"href":"https:\/\/cafecommessias.com.br\/index.php?rest_route=\/wp\/v2\/posts\/1061","targetHints":{"allow":["GET"]}}],"collection":[{"href":"https:\/\/cafecommessias.com.br\/index.php?rest_route=\/wp\/v2\/posts"}],"about":[{"href":"https:\/\/cafecommessias.com.br\/index.php?rest_route=\/wp\/v2\/types\/post"}],"author":[{"embeddable":true,"href":"https:\/\/cafecommessias.com.br\/index.php?rest_route=\/wp\/v2\/users\/1"}],"replies":[{"embeddable":true,"href":"https:\/\/cafecommessias.com.br\/index.php?rest_route=%2Fwp%2Fv2%2Fcomments&post=1061"}],"version-history":[{"count":1,"href":"https:\/\/cafecommessias.com.br\/index.php?rest_route=\/wp\/v2\/posts\/1061\/revisions"}],"predecessor-version":[{"id":1063,"href":"https:\/\/cafecommessias.com.br\/index.php?rest_route=\/wp\/v2\/posts\/1061\/revisions\/1063"}],"wp:featuredmedia":[{"embeddable":true,"href":"https:\/\/cafecommessias.com.br\/index.php?rest_route=\/wp\/v2\/media\/1062"}],"wp:attachment":[{"href":"https:\/\/cafecommessias.com.br\/index.php?rest_route=%2Fwp%2Fv2%2Fmedia&parent=1061"}],"wp:term":[{"taxonomy":"category","embeddable":true,"href":"https:\/\/cafecommessias.com.br\/index.php?rest_route=%2Fwp%2Fv2%2Fcategories&post=1061"},{"taxonomy":"post_tag","embeddable":true,"href":"https:\/\/cafecommessias.com.br\/index.php?rest_route=%2Fwp%2Fv2%2Ftags&post=1061"}],"curies":[{"name":"wp","href":"https:\/\/api.w.org\/{rel}","templated":true}]}}