{"id":10618,"date":"2026-03-29T12:41:38","date_gmt":"2026-03-29T15:41:38","guid":{"rendered":"http:\/\/cafecommessias.com.br\/?p=10618"},"modified":"2026-03-29T12:42:08","modified_gmt":"2026-03-29T15:42:08","slug":"conta-de-agua-de-animais-no-planalto-passa-de-r-16-milhao-e-vira-alvo-de-criticas","status":"publish","type":"post","link":"https:\/\/cafecommessias.com.br\/?p=10618","title":{"rendered":"Conta de \u00e1gua de animais no Planalto passa de R$ 1,6 milh\u00e3o e vira alvo de cr\u00edticas"},"content":{"rendered":"\n<p>Gastos com a manuten\u00e7\u00e3o de animais no Pal\u00e1cio do Planalto colocaram o governo do presidente&nbsp;Luiz In\u00e1cio Lula da Silva&nbsp;no centro de novas cr\u00edticas. Levantamento aponta que a conta de \u00e1gua destinada ao viveiro de animais j\u00e1 ultrapassa R$ 1,6 milh\u00e3o ao longo da atual gest\u00e3o.<\/p>\n\n\n\n<p>Os dados indicam que apenas em 2025 o custo chegou a mais de R$ 636 mil, o maior registrado no per\u00edodo recente. Em 2024, a despesa j\u00e1 havia sido elevada, superando R$ 480 mil, enquanto no primeiro ano do atual mandato o valor tamb\u00e9m ficou acima de R$ 460 mil.<\/p>\n\n\n\n<p>O espa\u00e7o abriga milhares de animais, entre aves e outras esp\u00e9cies, mantidos na \u00e1rea do Pal\u00e1cio. Somente no in\u00edcio de 2026, os gastos continuam, com mais de R$ 28 mil registrados apenas no m\u00eas de janeiro, o que mant\u00e9m a tend\u00eancia de custos elevados.<\/p>\n\n\n\n<p>As despesas, no entanto, n\u00e3o incluem outros gastos associados, como alimenta\u00e7\u00e3o e cuidados veterin\u00e1rios, nem consideram os animais mantidos na Granja do Torto, outra resid\u00eancia oficial da Presid\u00eancia.<\/p>\n\n\n\n<p>O tema ganhou repercuss\u00e3o em meio a cr\u00edticas sobre prioridades do governo, especialmente diante do cen\u00e1rio econ\u00f4mico e de discuss\u00f5es sobre aumento de impostos e custo de vida da popula\u00e7\u00e3o.<\/p>\n\n\n\n<p><em><sub>Por Di\u00e1rio do Poder<\/sub><\/em><\/p>\n\n\n\n<p><\/p>\n","protected":false},"excerpt":{"rendered":"<p>Gastos com a manuten\u00e7\u00e3o de animais no Pal\u00e1cio do Planalto colocaram o governo do presidente&nbsp;Luiz In\u00e1cio Lula da Silva&nbsp;no centro de novas cr\u00edticas. Levantamento aponta que a conta de \u00e1gua destinada ao viveiro de animais j\u00e1 ultrapassa R$ 1,6 milh\u00e3o ao longo da atual gest\u00e3o. Os dados indicam que apenas em 2025 o custo chegou&#8230;<\/p>\n","protected":false},"author":1,"featured_media":10620,"comment_status":"open","ping_status":"closed","sticky":false,"template":"","format":"standard","meta":{"footnotes":""},"categories":[4,3],"tags":[],"class_list":["post-10618","post","type-post","status-publish","format-standard","has-post-thumbnail","hentry","category-anuncie-aqui","category-geral"],"_links":{"self":[{"href":"https:\/\/cafecommessias.com.br\/index.php?rest_route=\/wp\/v2\/posts\/10618","targetHints":{"allow":["GET"]}}],"collection":[{"href":"https:\/\/cafecommessias.com.br\/index.php?rest_route=\/wp\/v2\/posts"}],"about":[{"href":"https:\/\/cafecommessias.com.br\/index.php?rest_route=\/wp\/v2\/types\/post"}],"author":[{"embeddable":true,"href":"https:\/\/cafecommessias.com.br\/index.php?rest_route=\/wp\/v2\/users\/1"}],"replies":[{"embeddable":true,"href":"https:\/\/cafecommessias.com.br\/index.php?rest_route=%2Fwp%2Fv2%2Fcomments&post=10618"}],"version-history":[{"count":1,"href":"https:\/\/cafecommessias.com.br\/index.php?rest_route=\/wp\/v2\/posts\/10618\/revisions"}],"predecessor-version":[{"id":10621,"href":"https:\/\/cafecommessias.com.br\/index.php?rest_route=\/wp\/v2\/posts\/10618\/revisions\/10621"}],"wp:featuredmedia":[{"embeddable":true,"href":"https:\/\/cafecommessias.com.br\/index.php?rest_route=\/wp\/v2\/media\/10620"}],"wp:attachment":[{"href":"https:\/\/cafecommessias.com.br\/index.php?rest_route=%2Fwp%2Fv2%2Fmedia&parent=10618"}],"wp:term":[{"taxonomy":"category","embeddable":true,"href":"https:\/\/cafecommessias.com.br\/index.php?rest_route=%2Fwp%2Fv2%2Fcategories&post=10618"},{"taxonomy":"post_tag","embeddable":true,"href":"https:\/\/cafecommessias.com.br\/index.php?rest_route=%2Fwp%2Fv2%2Ftags&post=10618"}],"curies":[{"name":"wp","href":"https:\/\/api.w.org\/{rel}","templated":true}]}}