{"id":10635,"date":"2026-03-29T12:54:53","date_gmt":"2026-03-29T15:54:53","guid":{"rendered":"http:\/\/cafecommessias.com.br\/?p=10635"},"modified":"2026-03-29T12:55:10","modified_gmt":"2026-03-29T15:55:10","slug":"caico-da-salto-na-saude-policlinica-recebe-tomografo-e-amplia-atendimento-para-12-municipios-do-serido","status":"publish","type":"post","link":"https:\/\/cafecommessias.com.br\/?p=10635","title":{"rendered":"Caic\u00f3 d\u00e1 salto na sa\u00fade: Policl\u00ednica recebe tom\u00f3grafo e amplia atendimento para 12 munic\u00edpios do Serid\u00f3"},"content":{"rendered":"\n<p>A sa\u00fade p\u00fablica do Serid\u00f3 acaba de ganhar um refor\u00e7o hist\u00f3rico. A Policl\u00ednica Regional, em Caic\u00f3, recebeu um tom\u00f3grafo de 32 canais, equipamento essencial para diagn\u00f3sticos mais r\u00e1pidos e precisos.<\/p>\n\n\n\n<p>O aparelho foi conquistado por meio de articula\u00e7\u00e3o institucional e doado pelo Hospital Universit\u00e1rio Onofre Lopes (HUOL), fortalecendo a rede regional de sa\u00fade e ampliando a capacidade de atendimento da unidade.<\/p>\n\n\n\n<p>Com a chegada do tom\u00f3grafo, pacientes que antes precisavam se deslocar para outros centros agora poder\u00e3o realizar exames na pr\u00f3pria regi\u00e3o, reduzindo filas, agilizando diagn\u00f3sticos e garantindo mais dignidade no acesso \u00e0 sa\u00fade.<\/p>\n\n\n\n<p>A Policl\u00ednica atende de forma consorciada 12 munic\u00edpios: Caic\u00f3, Currais Novos, Ipueira, Jardim do Serid\u00f3, Jardim de Piranhas, Jucurutu, Lagoa Nova, S\u00e3o Fernando, S\u00e3o Jo\u00e3o do Sabugi, S\u00e3o Jos\u00e9 do Serid\u00f3, Tenente Laurentino Cruz e Timba\u00faba dos Batistas.<\/p>\n\n\n\n<p>O novo equipamento representa mais do que tecnologia \u2014 \u00e9 um avan\u00e7o concreto na descentraliza\u00e7\u00e3o dos servi\u00e7os de sa\u00fade e no fortalecimento do SUS no interior do Rio Grande do Norte.<\/p>\n\n\n\n<p>Com mais estrutura e resolutividade, Caic\u00f3 reafirma seu papel como polo regional de sa\u00fade, beneficiando milhares de pessoas em toda a regi\u00e3o do Serid\u00f3.<\/p>\n","protected":false},"excerpt":{"rendered":"<p>A sa\u00fade p\u00fablica do Serid\u00f3 acaba de ganhar um refor\u00e7o hist\u00f3rico. A Policl\u00ednica Regional, em Caic\u00f3, recebeu um tom\u00f3grafo de 32 canais, equipamento essencial para diagn\u00f3sticos mais r\u00e1pidos e precisos. O aparelho foi conquistado por meio de articula\u00e7\u00e3o institucional e doado pelo Hospital Universit\u00e1rio Onofre Lopes (HUOL), fortalecendo a rede regional de sa\u00fade e ampliando&#8230;<\/p>\n","protected":false},"author":1,"featured_media":10636,"comment_status":"open","ping_status":"closed","sticky":false,"template":"","format":"standard","meta":{"footnotes":""},"categories":[8],"tags":[],"class_list":["post-10635","post","type-post","status-publish","format-standard","has-post-thumbnail","hentry","category-cidades"],"_links":{"self":[{"href":"https:\/\/cafecommessias.com.br\/index.php?rest_route=\/wp\/v2\/posts\/10635","targetHints":{"allow":["GET"]}}],"collection":[{"href":"https:\/\/cafecommessias.com.br\/index.php?rest_route=\/wp\/v2\/posts"}],"about":[{"href":"https:\/\/cafecommessias.com.br\/index.php?rest_route=\/wp\/v2\/types\/post"}],"author":[{"embeddable":true,"href":"https:\/\/cafecommessias.com.br\/index.php?rest_route=\/wp\/v2\/users\/1"}],"replies":[{"embeddable":true,"href":"https:\/\/cafecommessias.com.br\/index.php?rest_route=%2Fwp%2Fv2%2Fcomments&post=10635"}],"version-history":[{"count":1,"href":"https:\/\/cafecommessias.com.br\/index.php?rest_route=\/wp\/v2\/posts\/10635\/revisions"}],"predecessor-version":[{"id":10637,"href":"https:\/\/cafecommessias.com.br\/index.php?rest_route=\/wp\/v2\/posts\/10635\/revisions\/10637"}],"wp:featuredmedia":[{"embeddable":true,"href":"https:\/\/cafecommessias.com.br\/index.php?rest_route=\/wp\/v2\/media\/10636"}],"wp:attachment":[{"href":"https:\/\/cafecommessias.com.br\/index.php?rest_route=%2Fwp%2Fv2%2Fmedia&parent=10635"}],"wp:term":[{"taxonomy":"category","embeddable":true,"href":"https:\/\/cafecommessias.com.br\/index.php?rest_route=%2Fwp%2Fv2%2Fcategories&post=10635"},{"taxonomy":"post_tag","embeddable":true,"href":"https:\/\/cafecommessias.com.br\/index.php?rest_route=%2Fwp%2Fv2%2Ftags&post=10635"}],"curies":[{"name":"wp","href":"https:\/\/api.w.org\/{rel}","templated":true}]}}