{"id":1064,"date":"2025-07-19T20:57:42","date_gmt":"2025-07-19T23:57:42","guid":{"rendered":"https:\/\/cafecommessias.com.br\/?p=1064"},"modified":"2025-07-19T20:57:55","modified_gmt":"2025-07-19T23:57:55","slug":"ucrania-propoe-a-russia-novas-conversas-de-paz-na-proxima-semana","status":"publish","type":"post","link":"https:\/\/cafecommessias.com.br\/?p=1064","title":{"rendered":"Ucr\u00e2nia prop\u00f5e \u00e0 R\u00fassia novas conversas de paz na pr\u00f3xima semana"},"content":{"rendered":"\n<p>A Ucr\u00e2nia prop\u00f4s \u00e0 R\u00fassia uma nova rodada de conversas para a pr\u00f3xima semana, declarou neste s\u00e1bado, 19, o presidente ucraniano, Volodimir Zelenski, numa tentativa de reiniciar as negocia\u00e7\u00f5es de paz que est\u00e3o paradas desde o in\u00edcio de junho.<\/p>\n\n\n\n<p>As duas rodadas de negocia\u00e7\u00f5es realizadas em Istambul entre R\u00fassia e Ucr\u00e2nia n\u00e3o conseguiram avan\u00e7ar para um cessar-fogo, mas pelo menos chegaram a um acordo para trocar prisioneiros e devolver os corpos de soldados mortos.<\/p>\n\n\n\n<p>O secret\u00e1rio do Conselho de Defesa e Seguran\u00e7a Nacional da Ucr\u00e2nia, Rustem Umerov, \u201cinformou que prop\u00f4s o pr\u00f3ximo encontro com a parte russa para a semana que vem\u201d, disse Zelenski em seu discurso noturno. \u201c\u00c9 necess\u00e1rio acelerar o impulso das negocia\u00e7\u00f5es\u201d, acrescentou.<\/p>\n\n\n\n<p>Zelenski tamb\u00e9m reiterou sua disposi\u00e7\u00e3o de se reunir cara a cara com Vladimir Putin, afirmando que \u201cuma reuni\u00e3o de n\u00edvel de lideran\u00e7a \u00e9 necess\u00e1ria para garantir verdadeiramente a paz, uma paz duradoura\u201d.<\/p>\n\n\n\n<p>Nas conversas do m\u00eas passado, a R\u00fassia delineou uma lista de exig\u00eancias rigorosas, incluindo a de que a Ucr\u00e2nia ceda mais territ\u00f3rio e rejeite todo tipo de apoio militar ocidental.<\/p>\n\n\n\n<p>A Ucr\u00e2nia classificou-as como ultimatos inaceit\u00e1veis e questionou o sentido de continuar negociando se a R\u00fassia n\u00e3o estiver disposta a fazer concess\u00f5es.<\/p>\n\n\n\n<p><sub>Por <strong>Estad\u00e3o\u00a0<\/strong><\/sub><\/p>\n\n\n\n<p class=\"has-text-align-center\"><strong><em>PUBLICIDADE<\/em><\/strong><\/p>\n\n\n\n<figure class=\"wp-block-image size-large\"><img loading=\"lazy\" decoding=\"async\" width=\"1024\" height=\"150\" src=\"https:\/\/cafecommessias.com.br\/wp-content\/uploads\/2025\/07\/expofruit-destaque-2025-28jan2025-3-1024x150.gif\" alt=\"\" class=\"wp-image-932\" srcset=\"https:\/\/cafecommessias.com.br\/wp-content\/uploads\/2025\/07\/expofruit-destaque-2025-28jan2025-3-1024x150.gif 1024w, https:\/\/cafecommessias.com.br\/wp-content\/uploads\/2025\/07\/expofruit-destaque-2025-28jan2025-3-300x44.gif 300w, https:\/\/cafecommessias.com.br\/wp-content\/uploads\/2025\/07\/expofruit-destaque-2025-28jan2025-3-768x113.gif 768w, https:\/\/cafecommessias.com.br\/wp-content\/uploads\/2025\/07\/expofruit-destaque-2025-28jan2025-3-1536x225.gif 1536w\" sizes=\"auto, (max-width: 1024px) 100vw, 1024px\" \/><\/figure>\n","protected":false},"excerpt":{"rendered":"<p>A Ucr\u00e2nia prop\u00f4s \u00e0 R\u00fassia uma nova rodada de conversas para a pr\u00f3xima semana, declarou neste s\u00e1bado, 19, o presidente ucraniano, Volodimir Zelenski, numa tentativa de reiniciar as negocia\u00e7\u00f5es de paz que est\u00e3o paradas desde o in\u00edcio de junho. As duas rodadas de negocia\u00e7\u00f5es realizadas em Istambul entre R\u00fassia e Ucr\u00e2nia n\u00e3o conseguiram avan\u00e7ar para&#8230;<\/p>\n","protected":false},"author":1,"featured_media":1065,"comment_status":"open","ping_status":"closed","sticky":false,"template":"","format":"standard","meta":{"footnotes":""},"categories":[2],"tags":[],"class_list":["post-1064","post","type-post","status-publish","format-standard","has-post-thumbnail","hentry","category-internacional"],"_links":{"self":[{"href":"https:\/\/cafecommessias.com.br\/index.php?rest_route=\/wp\/v2\/posts\/1064","targetHints":{"allow":["GET"]}}],"collection":[{"href":"https:\/\/cafecommessias.com.br\/index.php?rest_route=\/wp\/v2\/posts"}],"about":[{"href":"https:\/\/cafecommessias.com.br\/index.php?rest_route=\/wp\/v2\/types\/post"}],"author":[{"embeddable":true,"href":"https:\/\/cafecommessias.com.br\/index.php?rest_route=\/wp\/v2\/users\/1"}],"replies":[{"embeddable":true,"href":"https:\/\/cafecommessias.com.br\/index.php?rest_route=%2Fwp%2Fv2%2Fcomments&post=1064"}],"version-history":[{"count":1,"href":"https:\/\/cafecommessias.com.br\/index.php?rest_route=\/wp\/v2\/posts\/1064\/revisions"}],"predecessor-version":[{"id":1066,"href":"https:\/\/cafecommessias.com.br\/index.php?rest_route=\/wp\/v2\/posts\/1064\/revisions\/1066"}],"wp:featuredmedia":[{"embeddable":true,"href":"https:\/\/cafecommessias.com.br\/index.php?rest_route=\/wp\/v2\/media\/1065"}],"wp:attachment":[{"href":"https:\/\/cafecommessias.com.br\/index.php?rest_route=%2Fwp%2Fv2%2Fmedia&parent=1064"}],"wp:term":[{"taxonomy":"category","embeddable":true,"href":"https:\/\/cafecommessias.com.br\/index.php?rest_route=%2Fwp%2Fv2%2Fcategories&post=1064"},{"taxonomy":"post_tag","embeddable":true,"href":"https:\/\/cafecommessias.com.br\/index.php?rest_route=%2Fwp%2Fv2%2Ftags&post=1064"}],"curies":[{"name":"wp","href":"https:\/\/api.w.org\/{rel}","templated":true}]}}