{"id":10641,"date":"2026-03-29T17:34:45","date_gmt":"2026-03-29T20:34:45","guid":{"rendered":"http:\/\/cafecommessias.com.br\/?p=10641"},"modified":"2026-03-29T17:35:00","modified_gmt":"2026-03-29T20:35:00","slug":"pedro-filho-aparece-entre-os-mais-citados-para-deputado-federal-na-pesquisa-media","status":"publish","type":"post","link":"https:\/\/cafecommessias.com.br\/?p=10641","title":{"rendered":"Pedro Filho aparece entre os mais citados para deputado federal na pesquisa Media"},"content":{"rendered":"\n<p>Levantamento do instituto Media Intelig\u00eancia em Pesquisa questionou os eleitores do RN em quem eles votariam para deputado(a) federal se as elei\u00e7\u00f5es fossem hoje. O resultado foi divulgado neste domingo (29).<\/p>\n\n\n\n<p>\u00danico nome do Vale do A\u00e7u a disputar uma vaga na C\u00e2mara dos Deputados, Pedro Filho aparece entre os mais citados na pesquisa. Vereador de Ass\u00fa e l\u00edder evang\u00e9lico, Pedro Filho tem de destacado na nominata do PL, sendo apontado como uma das prov\u00e1veis surpresas no pleito que se aproxima.<\/p>\n\n\n\n<p>A pesquisa foi realizada de 23 a 26 de mar\u00e7o de 2026 e ouviu 2.000 eleitores, possui margem de erro de 2,2 pontos percentuais e n\u00edvel de confian\u00e7a de 95%, com o seguinte regitro no TSE: RN-07240\/2026.<\/p>\n","protected":false},"excerpt":{"rendered":"<p>Levantamento do instituto Media Intelig\u00eancia em Pesquisa questionou os eleitores do RN em quem eles votariam para deputado(a) federal se as elei\u00e7\u00f5es fossem hoje. O resultado foi divulgado neste domingo (29). \u00danico nome do Vale do A\u00e7u a disputar uma vaga na C\u00e2mara dos Deputados, Pedro Filho aparece entre os mais citados na pesquisa. Vereador&#8230;<\/p>\n","protected":false},"author":1,"featured_media":10642,"comment_status":"open","ping_status":"closed","sticky":false,"template":"","format":"standard","meta":{"footnotes":""},"categories":[6],"tags":[],"class_list":["post-10641","post","type-post","status-publish","format-standard","has-post-thumbnail","hentry","category-politica"],"_links":{"self":[{"href":"https:\/\/cafecommessias.com.br\/index.php?rest_route=\/wp\/v2\/posts\/10641","targetHints":{"allow":["GET"]}}],"collection":[{"href":"https:\/\/cafecommessias.com.br\/index.php?rest_route=\/wp\/v2\/posts"}],"about":[{"href":"https:\/\/cafecommessias.com.br\/index.php?rest_route=\/wp\/v2\/types\/post"}],"author":[{"embeddable":true,"href":"https:\/\/cafecommessias.com.br\/index.php?rest_route=\/wp\/v2\/users\/1"}],"replies":[{"embeddable":true,"href":"https:\/\/cafecommessias.com.br\/index.php?rest_route=%2Fwp%2Fv2%2Fcomments&post=10641"}],"version-history":[{"count":1,"href":"https:\/\/cafecommessias.com.br\/index.php?rest_route=\/wp\/v2\/posts\/10641\/revisions"}],"predecessor-version":[{"id":10643,"href":"https:\/\/cafecommessias.com.br\/index.php?rest_route=\/wp\/v2\/posts\/10641\/revisions\/10643"}],"wp:featuredmedia":[{"embeddable":true,"href":"https:\/\/cafecommessias.com.br\/index.php?rest_route=\/wp\/v2\/media\/10642"}],"wp:attachment":[{"href":"https:\/\/cafecommessias.com.br\/index.php?rest_route=%2Fwp%2Fv2%2Fmedia&parent=10641"}],"wp:term":[{"taxonomy":"category","embeddable":true,"href":"https:\/\/cafecommessias.com.br\/index.php?rest_route=%2Fwp%2Fv2%2Fcategories&post=10641"},{"taxonomy":"post_tag","embeddable":true,"href":"https:\/\/cafecommessias.com.br\/index.php?rest_route=%2Fwp%2Fv2%2Ftags&post=10641"}],"curies":[{"name":"wp","href":"https:\/\/api.w.org\/{rel}","templated":true}]}}