{"id":10647,"date":"2026-03-29T21:13:02","date_gmt":"2026-03-30T00:13:02","guid":{"rendered":"http:\/\/cafecommessias.com.br\/?p=10647"},"modified":"2026-03-29T21:22:27","modified_gmt":"2026-03-30T00:22:27","slug":"abc-perde-em-casa-para-o-sport-pela-copa-do-nordeste","status":"publish","type":"post","link":"https:\/\/cafecommessias.com.br\/?p=10647","title":{"rendered":"ABC perde em casa para o Sport pela Copa do Nordeste"},"content":{"rendered":"\n<p>O ABC perdeu neste domingo (29) para o Sport, em confronto pela segunda rodada da Copa do Nordeste. Biel marcou fora da \u00e1rea o \u00fanico gol do jogo e assegurou a vit\u00f3ria pernambucana no Est\u00e1dio Frasqueir\u00e3o.<\/p>\n\n\n\n<p>Agora com seis pontos, o Sport assume a lideran\u00e7a do Grupo C. O ABC, com um ponto, \u00e9 o terceiro colocado da chave D.<\/p>\n\n\n\n<p>O Mais Querido volta a campo no s\u00e1bado, 4 de abril, contra o Maguary, em Bonito-PE. Ser\u00e1 a estreia do Alvinegro na S\u00e9rie D 2026. Pela Copa do Nordeste, o pr\u00f3ximo compromisso \u00e9 no dia 7 de abril, no cl\u00e1ssico contra o Am\u00e9rica-RN, na Arena das Dunas.<\/p>\n\n\n\n<p class=\"has-text-align-center\"><strong><em>PUBLICIDADE<\/em><\/strong><\/p>\n\n\n\n<figure class=\"wp-block-image size-full\"><img loading=\"lazy\" decoding=\"async\" width=\"630\" height=\"96\" src=\"http:\/\/cafecommessias.com.br\/wp-content\/uploads\/2026\/03\/630x96-Adolescencia.png-2.webp\" alt=\"\" class=\"wp-image-10256\" srcset=\"https:\/\/cafecommessias.com.br\/wp-content\/uploads\/2026\/03\/630x96-Adolescencia.png-2.webp 630w, https:\/\/cafecommessias.com.br\/wp-content\/uploads\/2026\/03\/630x96-Adolescencia.png-2-300x46.webp 300w\" sizes=\"auto, (max-width: 630px) 100vw, 630px\" \/><\/figure>\n\n\n\n<p><a href=\"https:\/\/www.blogdobg.com.br\/abc-perde-em-casa-para-o-sport-pela-copa-do-nordeste\/#comentarios\"><\/a><\/p>\n\n\n\n<p><a href=\"tg:\/\/msg?text=https%3A%2F%2Fwww.blogdobg.com.br%2Fabc-perde-em-casa-para-o-sport-pela-copa-do-nordeste%2F%20ABC%20perde%20em%20casa%20para%20o%20Sport%20pela%20Copa%20do%20Nordeste\"><\/a><\/p>\n","protected":false},"excerpt":{"rendered":"<p>O ABC perdeu neste domingo (29) para o Sport, em confronto pela segunda rodada da Copa do Nordeste. Biel marcou fora da \u00e1rea o \u00fanico gol do jogo e assegurou a vit\u00f3ria pernambucana no Est\u00e1dio Frasqueir\u00e3o. Agora com seis pontos, o Sport assume a lideran\u00e7a do Grupo C. O ABC, com um ponto, \u00e9 o&#8230;<\/p>\n","protected":false},"author":1,"featured_media":10648,"comment_status":"open","ping_status":"closed","sticky":false,"template":"","format":"standard","meta":{"footnotes":""},"categories":[20],"tags":[],"class_list":["post-10647","post","type-post","status-publish","format-standard","has-post-thumbnail","hentry","category-esporte"],"_links":{"self":[{"href":"https:\/\/cafecommessias.com.br\/index.php?rest_route=\/wp\/v2\/posts\/10647","targetHints":{"allow":["GET"]}}],"collection":[{"href":"https:\/\/cafecommessias.com.br\/index.php?rest_route=\/wp\/v2\/posts"}],"about":[{"href":"https:\/\/cafecommessias.com.br\/index.php?rest_route=\/wp\/v2\/types\/post"}],"author":[{"embeddable":true,"href":"https:\/\/cafecommessias.com.br\/index.php?rest_route=\/wp\/v2\/users\/1"}],"replies":[{"embeddable":true,"href":"https:\/\/cafecommessias.com.br\/index.php?rest_route=%2Fwp%2Fv2%2Fcomments&post=10647"}],"version-history":[{"count":3,"href":"https:\/\/cafecommessias.com.br\/index.php?rest_route=\/wp\/v2\/posts\/10647\/revisions"}],"predecessor-version":[{"id":10659,"href":"https:\/\/cafecommessias.com.br\/index.php?rest_route=\/wp\/v2\/posts\/10647\/revisions\/10659"}],"wp:featuredmedia":[{"embeddable":true,"href":"https:\/\/cafecommessias.com.br\/index.php?rest_route=\/wp\/v2\/media\/10648"}],"wp:attachment":[{"href":"https:\/\/cafecommessias.com.br\/index.php?rest_route=%2Fwp%2Fv2%2Fmedia&parent=10647"}],"wp:term":[{"taxonomy":"category","embeddable":true,"href":"https:\/\/cafecommessias.com.br\/index.php?rest_route=%2Fwp%2Fv2%2Fcategories&post=10647"},{"taxonomy":"post_tag","embeddable":true,"href":"https:\/\/cafecommessias.com.br\/index.php?rest_route=%2Fwp%2Fv2%2Ftags&post=10647"}],"curies":[{"name":"wp","href":"https:\/\/api.w.org\/{rel}","templated":true}]}}